{"id":7553,"date":"2026-08-26T15:42:33","date_gmt":"2026-08-26T15:42:33","guid":{"rendered":"https:\/\/nivo.ca\/?p=7553"},"modified":"2026-08-26T15:54:26","modified_gmt":"2026-08-26T15:54:26","slug":"decouvrez-notre-nouvelle-rec-au-quebec","status":"publish","type":"post","link":"https:\/\/nivo.ca\/fr\/decouvrez-notre-nouvelle-rec-au-quebec\/","title":{"rendered":"D\u00e9couvrez notre nouvelle REC au Qu\u00e9bec"},"content":{"rendered":"\t\t<div data-elementor-type=\"wp-post\" data-elementor-id=\"7553\" class=\"elementor elementor-7553 elementor-7537\" data-elementor-post-type=\"post\">\n\t\t\t\t<div class=\"elementor-element elementor-element-5e79fce e-con-full e-flex e-con e-parent\" data-id=\"5e79fce\" data-element_type=\"container\" data-e-type=\"container\">\n\t\t\t\t<div class=\"elementor-element elementor-element-78e05cfc elementor-widget-widescreen__width-initial elementor-widget__width-initial elementor-widget elementor-widget-text-editor\" data-id=\"78e05cfc\" data-element_type=\"widget\" data-e-type=\"widget\" data-widget_type=\"text-editor.default\">\n\t\t\t\t\t\t\t\t\t<p><span data-contrast=\"none\">Nous sommes heureux de vous pr\u00e9senter\u00a0<\/span><b><span data-contrast=\"none\">Isis Bussons, notre nouvelle Responsable de l\u2019Engagement Communautaire pour le Qu\u00e9bec chez NIVO \u2013 Inspir\u00e9 par Digicom.<\/span><\/b><span data-ccp-props=\"{&quot;134233117&quot;:false,&quot;134233118&quot;:false,&quot;335551550&quot;:0,&quot;335551620&quot;:0,&quot;335559738&quot;:240,&quot;335559739&quot;:240}\">\u00a0<\/span><\/p><p><span data-contrast=\"none\">Forte de plus de 10 ans d\u2019exp\u00e9rience en marketing, en engagement communautaire et en coordination de projets, Isis poss\u00e8de une solide expertise dans la cr\u00e9ation de liens avec les citoyens, les organisations et les acteurs locaux.<\/span><span data-ccp-props=\"{&quot;134233117&quot;:false,&quot;134233118&quot;:false,&quot;335551550&quot;:0,&quot;335551620&quot;:0,&quot;335559738&quot;:240,&quot;335559739&quot;:240}\">\u00a0<\/span><\/p><p><span data-contrast=\"none\">Avant de rejoindre NIVO \u2013 Inspir\u00e9 par Digicom, elle a coordonn\u00e9 des projets \u00e0 vocation communautaire et a d\u00e9velopp\u00e9 une exp\u00e9rience diversifi\u00e9e en planification d\u2019\u00e9v\u00e9nements, en d\u00e9veloppement d\u2019\u00e9conomie social et durable et en communication et marketing.<\/span><span data-ccp-props=\"{&quot;134233117&quot;:false,&quot;134233118&quot;:false,&quot;335551550&quot;:0,&quot;335551620&quot;:0,&quot;335559738&quot;:240,&quot;335559739&quot;:240}\">\u00a0<\/span><\/p><p><span data-contrast=\"none\">Dans le cadre de ses nouvelles fonctions, elle a pour mission de renforcer les liens avec les communaut\u00e9s qu\u00e9b\u00e9coises, de d\u00e9velopper des partenariats et de contribuer \u00e0 rendre l\u2019internet par fibre accessible \u00e0 un plus grand nombre de familles.<\/span><span data-ccp-props=\"{&quot;134233117&quot;:false,&quot;134233118&quot;:false,&quot;335551550&quot;:0,&quot;335551620&quot;:0,&quot;335559738&quot;:240,&quot;335559739&quot;:240}\">\u00a0<\/span><\/p><p><span data-contrast=\"none\">Pr\u00e9sente dans les r\u00e9gions de l\u2019Outaouais et du Saguenay\u2013Lac-Saint-Jean, Isis se distingue par son int\u00e9r\u00eat pour les relations humaines, sa cr\u00e9ativit\u00e9, son sens de l\u2019initiative et son d\u00e9sir de cr\u00e9er des projets qui g\u00e9n\u00e8rent des retomb\u00e9es concr\u00e8tes pour la population.<\/span><span data-ccp-props=\"{&quot;134233117&quot;:false,&quot;134233118&quot;:false,&quot;335551550&quot;:0,&quot;335551620&quot;:0,&quot;335559738&quot;:240,&quot;335559739&quot;:240}\">\u00a0<\/span><\/p><p><span data-contrast=\"none\">Au quotidien, elle sera au c\u0153ur de notre pr\u00e9sence locale au Qu\u00e9bec. Elle ira \u00e0 la rencontre des citoyens, <\/span><span data-contrast=\"auto\">participera \u00e0 des \u00e9v\u00e9nements locaux<\/span><span data-contrast=\"none\">\u00a0<\/span><span data-contrast=\"none\">et travaillera en collaboration avec les organismes et entreprises qui contribuent activement \u00e0 la vitalit\u00e9 de leur milieu.<\/span><span data-ccp-props=\"{&quot;134233117&quot;:false,&quot;134233118&quot;:false,&quot;335551550&quot;:0,&quot;335551620&quot;:0,&quot;335559738&quot;:240,&quot;335559739&quot;:240}\">\u00a0<\/span><\/p><p><span data-contrast=\"none\">Chez NIVO, notre pr\u00e9sence va bien au-del\u00e0 de l\u2019offre d\u2019un service. Elle repose sur l\u2019\u00e9coute, la proximit\u00e9 et la volont\u00e9 de comprendre les r\u00e9alit\u00e9s propres \u00e0 chaque secteur, tout en appuyant les initiatives qui favorisent le rassemblement et le d\u00e9veloppement local.<\/span><span data-ccp-props=\"{&quot;134233117&quot;:false,&quot;134233118&quot;:false,&quot;335551550&quot;:0,&quot;335551620&quot;:0,&quot;335559738&quot;:240,&quot;335559739&quot;:240}\">\u00a0<\/span><\/p><p><span data-contrast=\"none\">Alors que NIVO poursuit l\u2019expansion de son r\u00e9seau de fibre optique au Qu\u00e9bec, cette proximit\u00e9 demeure au c\u0153ur de notre approche. Nous sommes fiers de pouvoir compter sur Isis\u00a0comme ambassadrice de notre marque et notre ancrage r\u00e9gional, faire conna\u00eetre notre mission et rejoindre un nombre toujours plus important de familles, d\u2019entreprises et d\u2019organisations.<\/span><span data-ccp-props=\"{&quot;134233117&quot;:false,&quot;134233118&quot;:false,&quot;335551550&quot;:0,&quot;335551620&quot;:0,&quot;335559738&quot;:240,&quot;335559739&quot;:240}\">\u00a0<\/span><\/p><p><b><span data-contrast=\"auto\">Nous sommes ravis de t\u2019accueillir chez NIVO, Isis!<\/span><\/b><span data-ccp-props=\"{&quot;134233117&quot;:false,&quot;134233118&quot;:false,&quot;335551550&quot;:0,&quot;335551620&quot;:0,&quot;335559738&quot;:240,&quot;335559739&quot;:240}\">\u00a0<\/span><\/p>\t\t\t\t\t\t\t\t<\/div>\n\t\t\t\t<\/div>\n\t\t\t\t<\/div>\n\t\t","protected":false},"excerpt":{"rendered":"<p>Nous sommes heureux de vous pr\u00e9senter\u00a0Isis Bussons, notre nouvelle Responsable de l\u2019Engagement Communautaire pour le Qu\u00e9bec chez NIVO \u2013 Inspir\u00e9 par Digicom.\u00a0 Forte de plus de 10 ans d\u2019exp\u00e9rience en [&hellip;]<\/p>\n","protected":false},"author":7,"featured_media":7552,"comment_status":"closed","ping_status":"closed","sticky":false,"template":"","format":"standard","meta":{"_acf_changed":false,"content-type":"","footnotes":""},"categories":[8],"tags":[],"class_list":["post-7553","post","type-post","status-publish","format-standard","has-post-thumbnail","hentry","category-non-categorise"],"acf":[],"yoast_head":"<!-- This site is optimized with the Yoast SEO Premium plugin v28.2 (Yoast SEO v28.2) - https:\/\/yoast.com\/product\/yoast-seo-premium-wordpress\/ -->\n<title>D\u00e9couvrez notre nouvelle REC au Qu\u00e9bec - NIVO by PomeGran<\/title>\n<meta name=\"robots\" content=\"index, follow, max-snippet:-1, max-image-preview:large, max-video-preview:-1\" \/>\n<link rel=\"canonical\" href=\"https:\/\/nivo.ca\/fr\/decouvrez-notre-nouvelle-rec-au-quebec\/\" \/>\n<meta property=\"og:locale\" content=\"fr_FR\" \/>\n<meta property=\"og:type\" content=\"article\" \/>\n<meta property=\"og:title\" content=\"D\u00e9couvrez notre nouvelle REC au Qu\u00e9bec\" \/>\n<meta property=\"og:description\" content=\"Nous sommes heureux de vous pr\u00e9senter\u00a0Isis Bussons, notre nouvelle Responsable de l\u2019Engagement Communautaire pour le Qu\u00e9bec chez NIVO \u2013 Inspir\u00e9 par Digicom.\u00a0 Forte de plus de 10 ans d\u2019exp\u00e9rience en [&hellip;]\" \/>\n<meta property=\"og:url\" content=\"https:\/\/nivo.ca\/fr\/decouvrez-notre-nouvelle-rec-au-quebec\/\" \/>\n<meta property=\"og:site_name\" content=\"NIVO by PomeGran\" \/>\n<meta property=\"article:publisher\" content=\"https:\/\/www.facebook.com\/NIVOTelecom\/\" \/>\n<meta property=\"article:published_time\" content=\"2026-08-26T15:42:33+00:00\" \/>\n<meta property=\"article:modified_time\" content=\"2026-08-26T15:54:26+00:00\" \/>\n<meta property=\"og:image\" content=\"https:\/\/nivo.ca\/wp-content\/uploads\/2026\/08\/NIVO-Blog-26.png\" \/>\n\t<meta property=\"og:image:width\" content=\"1005\" \/>\n\t<meta property=\"og:image:height\" content=\"754\" \/>\n\t<meta property=\"og:image:type\" content=\"image\/png\" \/>\n<meta name=\"author\" content=\"Nasha Cunningham\" \/>\n<meta name=\"twitter:card\" content=\"summary_large_image\" \/>\n<meta name=\"twitter:image\" content=\"https:\/\/nivo.ca\/wp-content\/uploads\/2026\/06\/Untitled-June-30-2026-at-16.33.45-1-1024x576.png\" \/>\n<meta name=\"twitter:label1\" content=\"\u00c9crit par\" \/>\n\t<meta name=\"twitter:data1\" content=\"Nasha Cunningham\" \/>\n\t<meta name=\"twitter:label2\" content=\"Dur\u00e9e de lecture estim\u00e9e\" \/>\n\t<meta name=\"twitter:data2\" content=\"2 minutes\" \/>\n<script type=\"application\/ld+json\" class=\"yoast-schema-graph\">{\"@context\":\"https:\\\/\\\/schema.org\",\"@graph\":[{\"@type\":\"Article\",\"@id\":\"https:\\\/\\\/nivo.ca\\\/fr\\\/decouvrez-notre-nouvelle-rec-au-quebec\\\/#article\",\"isPartOf\":{\"@id\":\"https:\\\/\\\/nivo.ca\\\/fr\\\/decouvrez-notre-nouvelle-rec-au-quebec\\\/\"},\"author\":{\"name\":\"Nasha Cunningham\",\"@id\":\"https:\\\/\\\/nivo.ca\\\/fr\\\/#\\\/schema\\\/person\\\/a597a47304277e9d81076a713a29bbb9\"},\"headline\":\"D\u00e9couvrez notre nouvelle REC au Qu\u00e9bec\",\"datePublished\":\"2026-08-26T15:42:33+00:00\",\"dateModified\":\"2026-08-26T15:54:26+00:00\",\"mainEntityOfPage\":{\"@id\":\"https:\\\/\\\/nivo.ca\\\/fr\\\/decouvrez-notre-nouvelle-rec-au-quebec\\\/\"},\"wordCount\":370,\"publisher\":{\"@id\":\"https:\\\/\\\/nivo.ca\\\/fr\\\/#organization\"},\"image\":{\"@id\":\"https:\\\/\\\/nivo.ca\\\/fr\\\/decouvrez-notre-nouvelle-rec-au-quebec\\\/#primaryimage\"},\"thumbnailUrl\":\"https:\\\/\\\/nivo.ca\\\/wp-content\\\/uploads\\\/2026\\\/08\\\/NIVO-Blog-26.png\",\"articleSection\":[\"Non cat\u00e9goris\u00e9\"],\"inLanguage\":\"fr-FR\"},{\"@type\":\"WebPage\",\"@id\":\"https:\\\/\\\/nivo.ca\\\/fr\\\/decouvrez-notre-nouvelle-rec-au-quebec\\\/\",\"url\":\"https:\\\/\\\/nivo.ca\\\/fr\\\/decouvrez-notre-nouvelle-rec-au-quebec\\\/\",\"name\":\"D\u00e9couvrez notre nouvelle REC au Qu\u00e9bec - NIVO by PomeGran\",\"isPartOf\":{\"@id\":\"https:\\\/\\\/nivo.ca\\\/fr\\\/#website\"},\"primaryImageOfPage\":{\"@id\":\"https:\\\/\\\/nivo.ca\\\/fr\\\/decouvrez-notre-nouvelle-rec-au-quebec\\\/#primaryimage\"},\"image\":{\"@id\":\"https:\\\/\\\/nivo.ca\\\/fr\\\/decouvrez-notre-nouvelle-rec-au-quebec\\\/#primaryimage\"},\"thumbnailUrl\":\"https:\\\/\\\/nivo.ca\\\/wp-content\\\/uploads\\\/2026\\\/08\\\/NIVO-Blog-26.png\",\"datePublished\":\"2026-08-26T15:42:33+00:00\",\"dateModified\":\"2026-08-26T15:54:26+00:00\",\"breadcrumb\":{\"@id\":\"https:\\\/\\\/nivo.ca\\\/fr\\\/decouvrez-notre-nouvelle-rec-au-quebec\\\/#breadcrumb\"},\"inLanguage\":\"fr-FR\",\"potentialAction\":[{\"@type\":\"ReadAction\",\"target\":[\"https:\\\/\\\/nivo.ca\\\/fr\\\/decouvrez-notre-nouvelle-rec-au-quebec\\\/\"]}]},{\"@type\":\"ImageObject\",\"inLanguage\":\"fr-FR\",\"@id\":\"https:\\\/\\\/nivo.ca\\\/fr\\\/decouvrez-notre-nouvelle-rec-au-quebec\\\/#primaryimage\",\"url\":\"https:\\\/\\\/nivo.ca\\\/wp-content\\\/uploads\\\/2026\\\/08\\\/NIVO-Blog-26.png\",\"contentUrl\":\"https:\\\/\\\/nivo.ca\\\/wp-content\\\/uploads\\\/2026\\\/08\\\/NIVO-Blog-26.png\",\"width\":1005,\"height\":754},{\"@type\":\"BreadcrumbList\",\"@id\":\"https:\\\/\\\/nivo.ca\\\/fr\\\/decouvrez-notre-nouvelle-rec-au-quebec\\\/#breadcrumb\",\"itemListElement\":[{\"@type\":\"ListItem\",\"position\":1,\"name\":\"Home\",\"item\":\"https:\\\/\\\/nivo.ca\\\/fr\\\/\"},{\"@type\":\"ListItem\",\"position\":2,\"name\":\"D\u00e9couvrez notre nouvelle REC au Qu\u00e9bec\"}]},{\"@type\":\"WebSite\",\"@id\":\"https:\\\/\\\/nivo.ca\\\/fr\\\/#website\",\"url\":\"https:\\\/\\\/nivo.ca\\\/fr\\\/\",\"name\":\"NIVO by PomeGran\",\"description\":\"Fibre internet, built for you.\",\"publisher\":{\"@id\":\"https:\\\/\\\/nivo.ca\\\/fr\\\/#organization\"},\"potentialAction\":[{\"@type\":\"SearchAction\",\"target\":{\"@type\":\"EntryPoint\",\"urlTemplate\":\"https:\\\/\\\/nivo.ca\\\/fr\\\/?s={search_term_string}\"},\"query-input\":{\"@type\":\"PropertyValueSpecification\",\"valueRequired\":true,\"valueName\":\"search_term_string\"}}],\"inLanguage\":\"fr-FR\"},{\"@type\":\"Organization\",\"@id\":\"https:\\\/\\\/nivo.ca\\\/fr\\\/#organization\",\"name\":\"NIVO\",\"url\":\"https:\\\/\\\/nivo.ca\\\/fr\\\/\",\"logo\":{\"@type\":\"ImageObject\",\"inLanguage\":\"fr-FR\",\"@id\":\"https:\\\/\\\/nivo.ca\\\/fr\\\/#\\\/schema\\\/logo\\\/image\\\/\",\"url\":\"https:\\\/\\\/nivo.ca\\\/wp-content\\\/uploads\\\/2024\\\/12\\\/RGB_NIVO_Main_isolated_color-1.svg\",\"contentUrl\":\"https:\\\/\\\/nivo.ca\\\/wp-content\\\/uploads\\\/2024\\\/12\\\/RGB_NIVO_Main_isolated_color-1.svg\",\"width\":93,\"height\":47,\"caption\":\"NIVO\"},\"image\":{\"@id\":\"https:\\\/\\\/nivo.ca\\\/fr\\\/#\\\/schema\\\/logo\\\/image\\\/\"},\"sameAs\":[\"https:\\\/\\\/www.facebook.com\\\/NIVOTelecom\\\/\",\"https:\\\/\\\/www.linkedin.com\\\/company\\\/nivoca\\\/\",\"https:\\\/\\\/www.instagram.com\\\/nivo_telecom\\\/\",\"https:\\\/\\\/www.tiktok.com\\\/@nivo_ca?_r=1&_t=ZN-97jOdTsXKsw\"]},{\"@type\":\"Person\",\"@id\":\"https:\\\/\\\/nivo.ca\\\/fr\\\/#\\\/schema\\\/person\\\/a597a47304277e9d81076a713a29bbb9\",\"name\":\"Nasha Cunningham\",\"url\":\"https:\\\/\\\/nivo.ca\\\/fr\\\/author\\\/nasha-cunningham\\\/\"}]}<\/script>\n<!-- \/ Yoast SEO Premium plugin. -->","yoast_head_json":{"title":"D\u00e9couvrez notre nouvelle REC au Qu\u00e9bec - NIVO by PomeGran","robots":{"index":"index","follow":"follow","max-snippet":"max-snippet:-1","max-image-preview":"max-image-preview:large","max-video-preview":"max-video-preview:-1"},"canonical":"https:\/\/nivo.ca\/fr\/decouvrez-notre-nouvelle-rec-au-quebec\/","og_locale":"fr_FR","og_type":"article","og_title":"D\u00e9couvrez notre nouvelle REC au Qu\u00e9bec","og_description":"Nous sommes heureux de vous pr\u00e9senter\u00a0Isis Bussons, notre nouvelle Responsable de l\u2019Engagement Communautaire pour le Qu\u00e9bec chez NIVO \u2013 Inspir\u00e9 par Digicom.\u00a0 Forte de plus de 10 ans d\u2019exp\u00e9rience en [&hellip;]","og_url":"https:\/\/nivo.ca\/fr\/decouvrez-notre-nouvelle-rec-au-quebec\/","og_site_name":"NIVO by PomeGran","article_publisher":"https:\/\/www.facebook.com\/NIVOTelecom\/","article_published_time":"2026-08-26T15:42:33+00:00","article_modified_time":"2026-08-26T15:54:26+00:00","og_image":[{"width":1005,"height":754,"url":"https:\/\/nivo.ca\/wp-content\/uploads\/2026\/08\/NIVO-Blog-26.png","type":"image\/png"}],"author":"Nasha Cunningham","twitter_card":"summary_large_image","twitter_image":"https:\/\/nivo.ca\/wp-content\/uploads\/2026\/06\/Untitled-June-30-2026-at-16.33.45-1-1024x576.png","twitter_misc":{"\u00c9crit par":"Nasha Cunningham","Dur\u00e9e de lecture estim\u00e9e":"2 minutes"},"schema":{"@context":"https:\/\/schema.org","@graph":[{"@type":"Article","@id":"https:\/\/nivo.ca\/fr\/decouvrez-notre-nouvelle-rec-au-quebec\/#article","isPartOf":{"@id":"https:\/\/nivo.ca\/fr\/decouvrez-notre-nouvelle-rec-au-quebec\/"},"author":{"name":"Nasha Cunningham","@id":"https:\/\/nivo.ca\/fr\/#\/schema\/person\/a597a47304277e9d81076a713a29bbb9"},"headline":"D\u00e9couvrez notre nouvelle REC au Qu\u00e9bec","datePublished":"2026-08-26T15:42:33+00:00","dateModified":"2026-08-26T15:54:26+00:00","mainEntityOfPage":{"@id":"https:\/\/nivo.ca\/fr\/decouvrez-notre-nouvelle-rec-au-quebec\/"},"wordCount":370,"publisher":{"@id":"https:\/\/nivo.ca\/fr\/#organization"},"image":{"@id":"https:\/\/nivo.ca\/fr\/decouvrez-notre-nouvelle-rec-au-quebec\/#primaryimage"},"thumbnailUrl":"https:\/\/nivo.ca\/wp-content\/uploads\/2026\/08\/NIVO-Blog-26.png","articleSection":["Non cat\u00e9goris\u00e9"],"inLanguage":"fr-FR"},{"@type":"WebPage","@id":"https:\/\/nivo.ca\/fr\/decouvrez-notre-nouvelle-rec-au-quebec\/","url":"https:\/\/nivo.ca\/fr\/decouvrez-notre-nouvelle-rec-au-quebec\/","name":"D\u00e9couvrez notre nouvelle REC au Qu\u00e9bec - NIVO by PomeGran","isPartOf":{"@id":"https:\/\/nivo.ca\/fr\/#website"},"primaryImageOfPage":{"@id":"https:\/\/nivo.ca\/fr\/decouvrez-notre-nouvelle-rec-au-quebec\/#primaryimage"},"image":{"@id":"https:\/\/nivo.ca\/fr\/decouvrez-notre-nouvelle-rec-au-quebec\/#primaryimage"},"thumbnailUrl":"https:\/\/nivo.ca\/wp-content\/uploads\/2026\/08\/NIVO-Blog-26.png","datePublished":"2026-08-26T15:42:33+00:00","dateModified":"2026-08-26T15:54:26+00:00","breadcrumb":{"@id":"https:\/\/nivo.ca\/fr\/decouvrez-notre-nouvelle-rec-au-quebec\/#breadcrumb"},"inLanguage":"fr-FR","potentialAction":[{"@type":"ReadAction","target":["https:\/\/nivo.ca\/fr\/decouvrez-notre-nouvelle-rec-au-quebec\/"]}]},{"@type":"ImageObject","inLanguage":"fr-FR","@id":"https:\/\/nivo.ca\/fr\/decouvrez-notre-nouvelle-rec-au-quebec\/#primaryimage","url":"https:\/\/nivo.ca\/wp-content\/uploads\/2026\/08\/NIVO-Blog-26.png","contentUrl":"https:\/\/nivo.ca\/wp-content\/uploads\/2026\/08\/NIVO-Blog-26.png","width":1005,"height":754},{"@type":"BreadcrumbList","@id":"https:\/\/nivo.ca\/fr\/decouvrez-notre-nouvelle-rec-au-quebec\/#breadcrumb","itemListElement":[{"@type":"ListItem","position":1,"name":"Home","item":"https:\/\/nivo.ca\/fr\/"},{"@type":"ListItem","position":2,"name":"D\u00e9couvrez notre nouvelle REC au Qu\u00e9bec"}]},{"@type":"WebSite","@id":"https:\/\/nivo.ca\/fr\/#website","url":"https:\/\/nivo.ca\/fr\/","name":"NIVO by PomeGran","description":"Fibre internet, built for you.","publisher":{"@id":"https:\/\/nivo.ca\/fr\/#organization"},"potentialAction":[{"@type":"SearchAction","target":{"@type":"EntryPoint","urlTemplate":"https:\/\/nivo.ca\/fr\/?s={search_term_string}"},"query-input":{"@type":"PropertyValueSpecification","valueRequired":true,"valueName":"search_term_string"}}],"inLanguage":"fr-FR"},{"@type":"Organization","@id":"https:\/\/nivo.ca\/fr\/#organization","name":"NIVO","url":"https:\/\/nivo.ca\/fr\/","logo":{"@type":"ImageObject","inLanguage":"fr-FR","@id":"https:\/\/nivo.ca\/fr\/#\/schema\/logo\/image\/","url":"https:\/\/nivo.ca\/wp-content\/uploads\/2024\/12\/RGB_NIVO_Main_isolated_color-1.svg","contentUrl":"https:\/\/nivo.ca\/wp-content\/uploads\/2024\/12\/RGB_NIVO_Main_isolated_color-1.svg","width":93,"height":47,"caption":"NIVO"},"image":{"@id":"https:\/\/nivo.ca\/fr\/#\/schema\/logo\/image\/"},"sameAs":["https:\/\/www.facebook.com\/NIVOTelecom\/","https:\/\/www.linkedin.com\/company\/nivoca\/","https:\/\/www.instagram.com\/nivo_telecom\/","https:\/\/www.tiktok.com\/@nivo_ca?_r=1&_t=ZN-97jOdTsXKsw"]},{"@type":"Person","@id":"https:\/\/nivo.ca\/fr\/#\/schema\/person\/a597a47304277e9d81076a713a29bbb9","name":"Nasha Cunningham","url":"https:\/\/nivo.ca\/fr\/author\/nasha-cunningham\/"}]}},"_links":{"self":[{"href":"https:\/\/nivo.ca\/fr\/wp-json\/wp\/v2\/posts\/7553","targetHints":{"allow":["GET"]}}],"collection":[{"href":"https:\/\/nivo.ca\/fr\/wp-json\/wp\/v2\/posts"}],"about":[{"href":"https:\/\/nivo.ca\/fr\/wp-json\/wp\/v2\/types\/post"}],"author":[{"embeddable":true,"href":"https:\/\/nivo.ca\/fr\/wp-json\/wp\/v2\/users\/7"}],"replies":[{"embeddable":true,"href":"https:\/\/nivo.ca\/fr\/wp-json\/wp\/v2\/comments?post=7553"}],"version-history":[{"count":5,"href":"https:\/\/nivo.ca\/fr\/wp-json\/wp\/v2\/posts\/7553\/revisions"}],"predecessor-version":[{"id":7558,"href":"https:\/\/nivo.ca\/fr\/wp-json\/wp\/v2\/posts\/7553\/revisions\/7558"}],"wp:featuredmedia":[{"embeddable":true,"href":"https:\/\/nivo.ca\/fr\/wp-json\/wp\/v2\/media\/7552"}],"wp:attachment":[{"href":"https:\/\/nivo.ca\/fr\/wp-json\/wp\/v2\/media?parent=7553"}],"wp:term":[{"taxonomy":"category","embeddable":true,"href":"https:\/\/nivo.ca\/fr\/wp-json\/wp\/v2\/categories?post=7553"},{"taxonomy":"post_tag","embeddable":true,"href":"https:\/\/nivo.ca\/fr\/wp-json\/wp\/v2\/tags?post=7553"}],"curies":[{"name":"wp","href":"https:\/\/api.w.org\/{rel}","templated":true}]}}