{"id":7292,"date":"2026-07-02T20:15:06","date_gmt":"2026-07-02T20:15:06","guid":{"rendered":"https:\/\/nivo.ca\/?p=7292"},"modified":"2026-07-29T13:57:11","modified_gmt":"2026-07-29T13:57:11","slug":"les-evenements-estivaux-dans-les-communautes-desservies-par-nivo-2","status":"publish","type":"post","link":"https:\/\/nivo.ca\/fr\/les-evenements-estivaux-dans-les-communautes-desservies-par-nivo-2\/","title":{"rendered":"Les \u00e9v\u00e9nements estivaux dans les communaut\u00e9s desservies par NIVO"},"content":{"rendered":"\t\t<div data-elementor-type=\"wp-post\" data-elementor-id=\"7292\" class=\"elementor elementor-7292 elementor-6967\" data-elementor-post-type=\"post\">\n\t\t\t\t<div class=\"elementor-element elementor-element-5e79fce e-con-full e-flex e-con e-parent\" data-id=\"5e79fce\" data-element_type=\"container\" data-e-type=\"container\">\n\t\t\t\t<div class=\"elementor-element elementor-element-78e05cfc elementor-widget-widescreen__width-initial elementor-widget__width-initial elementor-widget elementor-widget-text-editor\" data-id=\"78e05cfc\" data-element_type=\"widget\" data-e-type=\"widget\" data-widget_type=\"text-editor.default\">\n\t\t\t\t\t\t\t\t\t<p>L&rsquo;\u00e9t\u00e9 est le moment id\u00e9al pour profiter de tout ce qui fait vibrer nos communaut\u00e9s. Des festivals aux \u00e9v\u00e9nements sportifs, en passant par les spectacles, les foires et les march\u00e9s locaux, les r\u00e9gions desservies par NIVO offrent une foule d&rsquo;activit\u00e9s pour toute la famille.<\/p><p>Que vous soyez dans <strong>l&rsquo;Outaouais, au Saguenay ou au Lac-Saint-Jean<\/strong>, d\u00e9couvrez quelques-uns des \u00e9v\u00e9nements incontournables de la saison.<\/p><p><strong>Vous souhaitez savoir o\u00f9 rencontrer l&rsquo;\u00e9quipe NIVO cet \u00e9t\u00e9?<\/strong><\/p><p>Consultez notre <strong>calendrier des \u00e9v\u00e9nements NIVO<\/strong> pour conna\u00eetre tous les \u00e9v\u00e9nements auxquels nous participerons.<\/p><p>\u00a0<\/p><p><strong>R\u00e9gion de l&rsquo;Outaouais<\/strong><\/p><p><strong>Gatineau<\/strong><\/p><p><strong>Festival BougeBouge Outaouais<\/strong><\/p><p><strong>14 juin 2026<\/strong><\/p><p>Participez \u00e0 une journ\u00e9e consacr\u00e9e \u00e0 l&rsquo;activit\u00e9 physique avec des courses, des marches, des d\u00e9fis sportifs et des activit\u00e9s familiales pour tous les \u00e2ges.<\/p><p>Site Web :<br \/><a href=\"https:\/\/bougebouge.com\">https:\/\/bougebouge.com<\/a><\/p><p><strong>Riverside Festival<\/strong><\/p><p><strong>Du 11 au 13 septembre 2026<\/strong><\/p><p>L&rsquo;un des plus importants festivals de musique \u00e9lectronique au Qu\u00e9bec, r\u00e9unissant des artistes internationaux dans une ambiance festive au bord de la rivi\u00e8re.<\/p><p>Site Web :<br \/><a href=\"https:\/\/festivalriverside.ca\">https:\/\/festivalriverside.ca<\/a><\/p><p><strong>Festival du film de l&rsquo;Outaouais (FFO)<\/strong><\/p><p><strong>Automne 2026, date \u00e0 confirmer<\/strong><\/p><p>D\u00e9couvrez une programmation mettant en vedette le cin\u00e9ma qu\u00e9b\u00e9cois, canadien et international, avec des projections et des activit\u00e9s culturelles \u00e0 Gatineau et Papineauville.<\/p><p>Site Web :<br \/><a href=\"https:\/\/offestival.com\">https:\/\/offestival.com<\/a><\/p><p>\u00a0<\/p><p><strong>La P\u00eache (Wakefield)<\/strong><\/p><p><strong>March\u00e9 de Wakefield<\/strong><\/p><p><strong>Tous les samedis, de mai \u00e0 octobre<\/strong><\/p><p>Rencontrez les producteurs et artisans de la r\u00e9gion tout en d\u00e9couvrant des produits frais, des p\u00e2tisseries, des cr\u00e9ations artisanales et des sp\u00e9cialit\u00e9s locales.<\/p><p>Site Web :<br \/><a href=\"https:\/\/www.wakefieldmarket.ca\">https:\/\/www.wakefieldmarket.ca<\/a><\/p><p><strong>Activit\u00e9s estivales de Wakefield<\/strong><\/p><p>Tout au long de l&rsquo;\u00e9t\u00e9, la municipalit\u00e9 de La P\u00eache propose des concerts, des \u00e9v\u00e9nements communautaires, des march\u00e9s et diverses activit\u00e9s autour du c\u00e9l\u00e8bre pont couvert de Wakefield.<\/p><p>Calendrier municipal :<br \/><a href=\"https:\/\/lap\u00eache.ca\">https:\/\/lap\u00eache.ca<\/a><\/p><p>\u00a0<\/p><p><strong>R\u00e9gion du Saguenay<\/strong><\/p><p><strong>Chicoutimi<\/strong><\/p><p><strong>Festival Jazz et Blues de Saguenay<\/strong><\/p><p><strong>Du 25 au 28 juin 2026<\/strong><\/p><p>Profitez de spectacles mettant en vedette des artistes d&rsquo;ici et d&rsquo;ailleurs lors de l&rsquo;un des plus importants festivals de musique de la r\u00e9gion.<\/p><p>Site Web :<br \/><a href=\"https:\/\/saguenayjazzetblues.com\">https:\/\/saguenayjazzetblues.com<\/a><\/p><p><strong>Festival des vins de Saguenay<\/strong><\/p><p><strong>Du 10 au 12 juillet 2026<\/strong><\/p><p>D\u00e9couvrez des producteurs viticoles, d\u00e9gustez des produits du terroir et profitez d&rsquo;une programmation gourmande et festive.<\/p><p>Site Web :<br \/><a href=\"https:\/\/festivaldesvinsdesaguenay.com\">https:\/\/festivaldesvinsdesaguenay.com<\/a><\/p><p><strong>Festival international des Rythmes du Monde<\/strong><\/p><p><strong>Du 16 au 19 juillet 2026<\/strong><\/p><p>Une c\u00e9l\u00e9bration des cultures du monde avec des spectacles, des animations et des artistes provenant des quatre coins de la plan\u00e8te.<\/p><p>Site Web :<br \/><a href=\"https:\/\/rythmesdumonde.com\">https:\/\/rythmesdumonde.com<\/a><\/p><p><strong>Exposition agricole de Chicoutimi<\/strong><\/p><p><strong>Du 22 au 26 juillet 2026<\/strong><\/p><p>Une tradition estivale offrant expositions agricoles, animaux de ferme, man\u00e8ges, spectacles, kiosques alimentaires et activit\u00e9s familiales.<\/p><p>Site Web :<br \/><a href=\"https:\/\/expoc.chicoutimi.qc.ca\">https:\/\/expoc.chicoutimi.qc.ca<\/a><\/p><p>\u00a0<\/p><p><strong>Jonqui\u00e8re<\/strong><\/p><p><strong>Jonqui\u00e8re en Musique<\/strong><\/p><p><strong>Du 1er au 11 juillet 2026<\/strong><\/p><p>L&rsquo;un des plus grands festivals de musique gratuits au Qu\u00e9bec, avec une programmation vari\u00e9e et des spectacles en plein air.<\/p><p>Site Web :<br \/><a href=\"https:\/\/jonquiereenmusique.com\">https:\/\/jonquiereenmusique.com<\/a><\/p><p>\u00a0<\/p><p><strong>Saguenay<\/strong><\/p><p><strong>Festival des Bi\u00e8res du Monde<\/strong><\/p><p><strong>Du 16 au 18 juillet 2026<\/strong><\/p><p>D\u00e9couvrez des microbrasseries du Qu\u00e9bec et d&rsquo;ailleurs, profitez de spectacles musicaux et d\u00e9gustez des sp\u00e9cialit\u00e9s culinaires locales.<\/p><p>Site Web :<br \/><a href=\"https:\/\/festivaldesbieresdusaguenay.ca\">https:\/\/festivaldesbieresdusaguenay.ca<\/a><\/p><p>\u00a0<\/p><p><strong>R\u00e9gion du Lac-Saint-Jean<\/strong><\/p><p><strong>Roberval<\/strong><\/p><p><strong>La Travers\u00e9e internationale du lac Saint-Jean<\/strong><\/p><p><strong>Du 18 au 25 juillet 2026<\/strong><\/p><p>Un \u00e9v\u00e9nement sportif de renomm\u00e9e internationale r\u00e9unissant les meilleurs nageurs en eau libre ainsi que des milliers de spectateurs chaque ann\u00e9e.<\/p><p>Site Web :<br \/><a href=\"https:\/\/traversee.qc.ca\">https:\/\/traversee.qc.ca<\/a><\/p><p>\u00a0<\/p><p><strong>Chambord<\/strong><\/p><p><strong>Festival Cowboy de Chambord<\/strong><\/p><p><strong>Du 30 juillet au 3 ao\u00fbt 2026<\/strong><\/p><p>Musique country, spectacles, danse, ambiance western et activit\u00e9s familiales font de ce festival un incontournable de l&rsquo;\u00e9t\u00e9.<\/p><p>Site Web :<br \/><a href=\"https:\/\/festivalcowboychambord.com\">https:\/\/festivalcowboychambord.com<\/a><\/p><p>\u00a0<\/p><p><strong>Dolbeau-Mistassini<\/strong><\/p><p><strong>Festival des Brasseurs<\/strong><\/p><p><strong>Du 28 au 29 ao\u00fbt 2026<\/strong><\/p><p>D\u00e9couvrez des microbrasseries, des produits locaux, des camions-restaurants et une programmation musicale dans une ambiance conviviale.<\/p><p>Site Web :<br \/><a href=\"https:\/\/festivaldesbrasseurs.com\">https:\/\/festivaldesbrasseurs.com<\/a><\/p><p>\u00a0<\/p><p><strong>Profitez pleinement de l&rsquo;\u00e9t\u00e9 dans votre communaut\u00e9<\/strong><\/p><p>Que vous assistiez \u00e0 un festival de musique, \u00e0 une exposition agricole, \u00e0 un march\u00e9 public ou \u00e0 une activit\u00e9 familiale, les communaut\u00e9s desservies par NIVO offrent une multitude d&rsquo;occasions de se rassembler tout au long de l&rsquo;\u00e9t\u00e9.<\/p><p>NIVO est fi\u00e8re de faire partie de ces communaut\u00e9s et de soutenir les \u00e9v\u00e9nements qui les animent.<\/p><p>Consultez notre <strong>calendrier des \u00e9v\u00e9nements NIVO<\/strong> pour d\u00e9couvrir o\u00f9 notre \u00e9quipe sera pr\u00e9sente cet \u00e9t\u00e9. Nous avons h\u00e2te de vous rencontrer.<\/p>\t\t\t\t\t\t\t\t<\/div>\n\t\t\t\t<\/div>\n\t\t\t\t<\/div>\n\t\t","protected":false},"excerpt":{"rendered":"<p>L&rsquo;\u00e9t\u00e9 est le moment id\u00e9al pour profiter de tout ce qui fait vibrer nos communaut\u00e9s. Des festivals aux \u00e9v\u00e9nements sportifs, en passant par les spectacles, les foires et les march\u00e9s [&hellip;]<\/p>\n","protected":false},"author":7,"featured_media":7291,"comment_status":"closed","ping_status":"closed","sticky":false,"template":"","format":"standard","meta":{"_acf_changed":false,"content-type":"","footnotes":""},"categories":[8],"tags":[],"class_list":["post-7292","post","type-post","status-publish","format-standard","has-post-thumbnail","hentry","category-non-categorise"],"acf":[],"yoast_head":"<!-- This site is optimized with the Yoast SEO Premium plugin v28.2 (Yoast SEO v28.2) - https:\/\/yoast.com\/product\/yoast-seo-premium-wordpress\/ -->\n<title>Les \u00e9v\u00e9nements estivaux dans les communaut\u00e9s desservies par NIVO - NIVO by PomeGran<\/title>\n<meta name=\"robots\" content=\"index, follow, max-snippet:-1, max-image-preview:large, max-video-preview:-1\" \/>\n<link rel=\"canonical\" href=\"https:\/\/nivo.ca\/fr\/les-evenements-estivaux-dans-les-communautes-desservies-par-nivo-2\/\" \/>\n<meta property=\"og:locale\" content=\"fr_FR\" \/>\n<meta property=\"og:type\" content=\"article\" \/>\n<meta property=\"og:title\" content=\"Les \u00e9v\u00e9nements estivaux dans les communaut\u00e9s desservies par NIVO\" \/>\n<meta property=\"og:description\" content=\"L&rsquo;\u00e9t\u00e9 est le moment id\u00e9al pour profiter de tout ce qui fait vibrer nos communaut\u00e9s. Des festivals aux \u00e9v\u00e9nements sportifs, en passant par les spectacles, les foires et les march\u00e9s [&hellip;]\" \/>\n<meta property=\"og:url\" content=\"https:\/\/nivo.ca\/fr\/les-evenements-estivaux-dans-les-communautes-desservies-par-nivo-2\/\" \/>\n<meta property=\"og:site_name\" content=\"NIVO by PomeGran\" \/>\n<meta property=\"article:publisher\" content=\"https:\/\/www.facebook.com\/NIVOTelecom\/\" \/>\n<meta property=\"article:published_time\" content=\"2026-07-02T20:15:06+00:00\" \/>\n<meta property=\"article:modified_time\" content=\"2026-07-29T13:57:11+00:00\" \/>\n<meta property=\"og:image\" content=\"https:\/\/nivo.ca\/wp-content\/uploads\/2026\/06\/Untitled-June-30-2026-at-16.33.45-1-1024x576.png\" \/>\n<meta name=\"author\" content=\"Nasha Cunningham\" \/>\n<meta name=\"twitter:card\" content=\"summary_large_image\" \/>\n<meta name=\"twitter:image\" content=\"https:\/\/nivo.ca\/wp-content\/uploads\/2026\/06\/Untitled-June-30-2026-at-16.33.45-1-1024x576.png\" \/>\n<meta name=\"twitter:label1\" content=\"\u00c9crit par\" \/>\n\t<meta name=\"twitter:data1\" content=\"Nasha Cunningham\" \/>\n\t<meta name=\"twitter:label2\" content=\"Dur\u00e9e de lecture estim\u00e9e\" \/>\n\t<meta name=\"twitter:data2\" content=\"4 minutes\" \/>\n<script type=\"application\/ld+json\" class=\"yoast-schema-graph\">{\"@context\":\"https:\\\/\\\/schema.org\",\"@graph\":[{\"@type\":\"Article\",\"@id\":\"https:\\\/\\\/nivo.ca\\\/fr\\\/les-evenements-estivaux-dans-les-communautes-desservies-par-nivo-2\\\/#article\",\"isPartOf\":{\"@id\":\"https:\\\/\\\/nivo.ca\\\/fr\\\/les-evenements-estivaux-dans-les-communautes-desservies-par-nivo-2\\\/\"},\"author\":{\"name\":\"Nasha Cunningham\",\"@id\":\"https:\\\/\\\/nivo.ca\\\/fr\\\/#\\\/schema\\\/person\\\/a597a47304277e9d81076a713a29bbb9\"},\"headline\":\"Les \u00e9v\u00e9nements estivaux dans les communaut\u00e9s desservies par NIVO\",\"datePublished\":\"2026-07-02T20:15:06+00:00\",\"dateModified\":\"2026-07-29T13:57:11+00:00\",\"mainEntityOfPage\":{\"@id\":\"https:\\\/\\\/nivo.ca\\\/fr\\\/les-evenements-estivaux-dans-les-communautes-desservies-par-nivo-2\\\/\"},\"wordCount\":750,\"publisher\":{\"@id\":\"https:\\\/\\\/nivo.ca\\\/fr\\\/#organization\"},\"image\":{\"@id\":\"https:\\\/\\\/nivo.ca\\\/fr\\\/les-evenements-estivaux-dans-les-communautes-desservies-par-nivo-2\\\/#primaryimage\"},\"thumbnailUrl\":\"https:\\\/\\\/nivo.ca\\\/wp-content\\\/uploads\\\/2026\\\/07\\\/Untitled-June-30-2026-at-16.33.45-2-1.png\",\"articleSection\":[\"Non cat\u00e9goris\u00e9\"],\"inLanguage\":\"fr-FR\"},{\"@type\":\"WebPage\",\"@id\":\"https:\\\/\\\/nivo.ca\\\/fr\\\/les-evenements-estivaux-dans-les-communautes-desservies-par-nivo-2\\\/\",\"url\":\"https:\\\/\\\/nivo.ca\\\/fr\\\/les-evenements-estivaux-dans-les-communautes-desservies-par-nivo-2\\\/\",\"name\":\"Les \u00e9v\u00e9nements estivaux dans les communaut\u00e9s desservies par NIVO - NIVO by PomeGran\",\"isPartOf\":{\"@id\":\"https:\\\/\\\/nivo.ca\\\/fr\\\/#website\"},\"primaryImageOfPage\":{\"@id\":\"https:\\\/\\\/nivo.ca\\\/fr\\\/les-evenements-estivaux-dans-les-communautes-desservies-par-nivo-2\\\/#primaryimage\"},\"image\":{\"@id\":\"https:\\\/\\\/nivo.ca\\\/fr\\\/les-evenements-estivaux-dans-les-communautes-desservies-par-nivo-2\\\/#primaryimage\"},\"thumbnailUrl\":\"https:\\\/\\\/nivo.ca\\\/wp-content\\\/uploads\\\/2026\\\/07\\\/Untitled-June-30-2026-at-16.33.45-2-1.png\",\"datePublished\":\"2026-07-02T20:15:06+00:00\",\"dateModified\":\"2026-07-29T13:57:11+00:00\",\"breadcrumb\":{\"@id\":\"https:\\\/\\\/nivo.ca\\\/fr\\\/les-evenements-estivaux-dans-les-communautes-desservies-par-nivo-2\\\/#breadcrumb\"},\"inLanguage\":\"fr-FR\",\"potentialAction\":[{\"@type\":\"ReadAction\",\"target\":[\"https:\\\/\\\/nivo.ca\\\/fr\\\/les-evenements-estivaux-dans-les-communautes-desservies-par-nivo-2\\\/\"]}]},{\"@type\":\"ImageObject\",\"inLanguage\":\"fr-FR\",\"@id\":\"https:\\\/\\\/nivo.ca\\\/fr\\\/les-evenements-estivaux-dans-les-communautes-desservies-par-nivo-2\\\/#primaryimage\",\"url\":\"https:\\\/\\\/nivo.ca\\\/wp-content\\\/uploads\\\/2026\\\/07\\\/Untitled-June-30-2026-at-16.33.45-2-1.png\",\"contentUrl\":\"https:\\\/\\\/nivo.ca\\\/wp-content\\\/uploads\\\/2026\\\/07\\\/Untitled-June-30-2026-at-16.33.45-2-1.png\",\"width\":1920,\"height\":1080},{\"@type\":\"BreadcrumbList\",\"@id\":\"https:\\\/\\\/nivo.ca\\\/fr\\\/les-evenements-estivaux-dans-les-communautes-desservies-par-nivo-2\\\/#breadcrumb\",\"itemListElement\":[{\"@type\":\"ListItem\",\"position\":1,\"name\":\"Home\",\"item\":\"https:\\\/\\\/nivo.ca\\\/fr\\\/\"},{\"@type\":\"ListItem\",\"position\":2,\"name\":\"Les \u00e9v\u00e9nements estivaux dans les communaut\u00e9s desservies par NIVO\"}]},{\"@type\":\"WebSite\",\"@id\":\"https:\\\/\\\/nivo.ca\\\/fr\\\/#website\",\"url\":\"https:\\\/\\\/nivo.ca\\\/fr\\\/\",\"name\":\"NIVO by PomeGran\",\"description\":\"Fibre internet, built for you.\",\"publisher\":{\"@id\":\"https:\\\/\\\/nivo.ca\\\/fr\\\/#organization\"},\"potentialAction\":[{\"@type\":\"SearchAction\",\"target\":{\"@type\":\"EntryPoint\",\"urlTemplate\":\"https:\\\/\\\/nivo.ca\\\/fr\\\/?s={search_term_string}\"},\"query-input\":{\"@type\":\"PropertyValueSpecification\",\"valueRequired\":true,\"valueName\":\"search_term_string\"}}],\"inLanguage\":\"fr-FR\"},{\"@type\":\"Organization\",\"@id\":\"https:\\\/\\\/nivo.ca\\\/fr\\\/#organization\",\"name\":\"NIVO\",\"url\":\"https:\\\/\\\/nivo.ca\\\/fr\\\/\",\"logo\":{\"@type\":\"ImageObject\",\"inLanguage\":\"fr-FR\",\"@id\":\"https:\\\/\\\/nivo.ca\\\/fr\\\/#\\\/schema\\\/logo\\\/image\\\/\",\"url\":\"https:\\\/\\\/nivo.ca\\\/wp-content\\\/uploads\\\/2024\\\/12\\\/RGB_NIVO_Main_isolated_color-1.svg\",\"contentUrl\":\"https:\\\/\\\/nivo.ca\\\/wp-content\\\/uploads\\\/2024\\\/12\\\/RGB_NIVO_Main_isolated_color-1.svg\",\"width\":93,\"height\":47,\"caption\":\"NIVO\"},\"image\":{\"@id\":\"https:\\\/\\\/nivo.ca\\\/fr\\\/#\\\/schema\\\/logo\\\/image\\\/\"},\"sameAs\":[\"https:\\\/\\\/www.facebook.com\\\/NIVOTelecom\\\/\",\"https:\\\/\\\/www.linkedin.com\\\/company\\\/nivoca\\\/\",\"https:\\\/\\\/www.instagram.com\\\/nivo_telecom\\\/\",\"https:\\\/\\\/www.tiktok.com\\\/@nivo_ca?_r=1&_t=ZN-97jOdTsXKsw\"]},{\"@type\":\"Person\",\"@id\":\"https:\\\/\\\/nivo.ca\\\/fr\\\/#\\\/schema\\\/person\\\/a597a47304277e9d81076a713a29bbb9\",\"name\":\"Nasha Cunningham\",\"url\":\"https:\\\/\\\/nivo.ca\\\/fr\\\/author\\\/nasha-cunningham\\\/\"}]}<\/script>\n<!-- \/ Yoast SEO Premium plugin. -->","yoast_head_json":{"title":"Les \u00e9v\u00e9nements estivaux dans les communaut\u00e9s desservies par NIVO - NIVO by PomeGran","robots":{"index":"index","follow":"follow","max-snippet":"max-snippet:-1","max-image-preview":"max-image-preview:large","max-video-preview":"max-video-preview:-1"},"canonical":"https:\/\/nivo.ca\/fr\/les-evenements-estivaux-dans-les-communautes-desservies-par-nivo-2\/","og_locale":"fr_FR","og_type":"article","og_title":"Les \u00e9v\u00e9nements estivaux dans les communaut\u00e9s desservies par NIVO","og_description":"L&rsquo;\u00e9t\u00e9 est le moment id\u00e9al pour profiter de tout ce qui fait vibrer nos communaut\u00e9s. Des festivals aux \u00e9v\u00e9nements sportifs, en passant par les spectacles, les foires et les march\u00e9s [&hellip;]","og_url":"https:\/\/nivo.ca\/fr\/les-evenements-estivaux-dans-les-communautes-desservies-par-nivo-2\/","og_site_name":"NIVO by PomeGran","article_publisher":"https:\/\/www.facebook.com\/NIVOTelecom\/","article_published_time":"2026-07-02T20:15:06+00:00","article_modified_time":"2026-07-29T13:57:11+00:00","og_image":[{"url":"https:\/\/nivo.ca\/wp-content\/uploads\/2026\/06\/Untitled-June-30-2026-at-16.33.45-1-1024x576.png","type":"","width":"","height":""}],"author":"Nasha Cunningham","twitter_card":"summary_large_image","twitter_image":"https:\/\/nivo.ca\/wp-content\/uploads\/2026\/06\/Untitled-June-30-2026-at-16.33.45-1-1024x576.png","twitter_misc":{"\u00c9crit par":"Nasha Cunningham","Dur\u00e9e de lecture estim\u00e9e":"4 minutes"},"schema":{"@context":"https:\/\/schema.org","@graph":[{"@type":"Article","@id":"https:\/\/nivo.ca\/fr\/les-evenements-estivaux-dans-les-communautes-desservies-par-nivo-2\/#article","isPartOf":{"@id":"https:\/\/nivo.ca\/fr\/les-evenements-estivaux-dans-les-communautes-desservies-par-nivo-2\/"},"author":{"name":"Nasha Cunningham","@id":"https:\/\/nivo.ca\/fr\/#\/schema\/person\/a597a47304277e9d81076a713a29bbb9"},"headline":"Les \u00e9v\u00e9nements estivaux dans les communaut\u00e9s desservies par NIVO","datePublished":"2026-07-02T20:15:06+00:00","dateModified":"2026-07-29T13:57:11+00:00","mainEntityOfPage":{"@id":"https:\/\/nivo.ca\/fr\/les-evenements-estivaux-dans-les-communautes-desservies-par-nivo-2\/"},"wordCount":750,"publisher":{"@id":"https:\/\/nivo.ca\/fr\/#organization"},"image":{"@id":"https:\/\/nivo.ca\/fr\/les-evenements-estivaux-dans-les-communautes-desservies-par-nivo-2\/#primaryimage"},"thumbnailUrl":"https:\/\/nivo.ca\/wp-content\/uploads\/2026\/07\/Untitled-June-30-2026-at-16.33.45-2-1.png","articleSection":["Non cat\u00e9goris\u00e9"],"inLanguage":"fr-FR"},{"@type":"WebPage","@id":"https:\/\/nivo.ca\/fr\/les-evenements-estivaux-dans-les-communautes-desservies-par-nivo-2\/","url":"https:\/\/nivo.ca\/fr\/les-evenements-estivaux-dans-les-communautes-desservies-par-nivo-2\/","name":"Les \u00e9v\u00e9nements estivaux dans les communaut\u00e9s desservies par NIVO - NIVO by PomeGran","isPartOf":{"@id":"https:\/\/nivo.ca\/fr\/#website"},"primaryImageOfPage":{"@id":"https:\/\/nivo.ca\/fr\/les-evenements-estivaux-dans-les-communautes-desservies-par-nivo-2\/#primaryimage"},"image":{"@id":"https:\/\/nivo.ca\/fr\/les-evenements-estivaux-dans-les-communautes-desservies-par-nivo-2\/#primaryimage"},"thumbnailUrl":"https:\/\/nivo.ca\/wp-content\/uploads\/2026\/07\/Untitled-June-30-2026-at-16.33.45-2-1.png","datePublished":"2026-07-02T20:15:06+00:00","dateModified":"2026-07-29T13:57:11+00:00","breadcrumb":{"@id":"https:\/\/nivo.ca\/fr\/les-evenements-estivaux-dans-les-communautes-desservies-par-nivo-2\/#breadcrumb"},"inLanguage":"fr-FR","potentialAction":[{"@type":"ReadAction","target":["https:\/\/nivo.ca\/fr\/les-evenements-estivaux-dans-les-communautes-desservies-par-nivo-2\/"]}]},{"@type":"ImageObject","inLanguage":"fr-FR","@id":"https:\/\/nivo.ca\/fr\/les-evenements-estivaux-dans-les-communautes-desservies-par-nivo-2\/#primaryimage","url":"https:\/\/nivo.ca\/wp-content\/uploads\/2026\/07\/Untitled-June-30-2026-at-16.33.45-2-1.png","contentUrl":"https:\/\/nivo.ca\/wp-content\/uploads\/2026\/07\/Untitled-June-30-2026-at-16.33.45-2-1.png","width":1920,"height":1080},{"@type":"BreadcrumbList","@id":"https:\/\/nivo.ca\/fr\/les-evenements-estivaux-dans-les-communautes-desservies-par-nivo-2\/#breadcrumb","itemListElement":[{"@type":"ListItem","position":1,"name":"Home","item":"https:\/\/nivo.ca\/fr\/"},{"@type":"ListItem","position":2,"name":"Les \u00e9v\u00e9nements estivaux dans les communaut\u00e9s desservies par NIVO"}]},{"@type":"WebSite","@id":"https:\/\/nivo.ca\/fr\/#website","url":"https:\/\/nivo.ca\/fr\/","name":"NIVO by PomeGran","description":"Fibre internet, built for you.","publisher":{"@id":"https:\/\/nivo.ca\/fr\/#organization"},"potentialAction":[{"@type":"SearchAction","target":{"@type":"EntryPoint","urlTemplate":"https:\/\/nivo.ca\/fr\/?s={search_term_string}"},"query-input":{"@type":"PropertyValueSpecification","valueRequired":true,"valueName":"search_term_string"}}],"inLanguage":"fr-FR"},{"@type":"Organization","@id":"https:\/\/nivo.ca\/fr\/#organization","name":"NIVO","url":"https:\/\/nivo.ca\/fr\/","logo":{"@type":"ImageObject","inLanguage":"fr-FR","@id":"https:\/\/nivo.ca\/fr\/#\/schema\/logo\/image\/","url":"https:\/\/nivo.ca\/wp-content\/uploads\/2024\/12\/RGB_NIVO_Main_isolated_color-1.svg","contentUrl":"https:\/\/nivo.ca\/wp-content\/uploads\/2024\/12\/RGB_NIVO_Main_isolated_color-1.svg","width":93,"height":47,"caption":"NIVO"},"image":{"@id":"https:\/\/nivo.ca\/fr\/#\/schema\/logo\/image\/"},"sameAs":["https:\/\/www.facebook.com\/NIVOTelecom\/","https:\/\/www.linkedin.com\/company\/nivoca\/","https:\/\/www.instagram.com\/nivo_telecom\/","https:\/\/www.tiktok.com\/@nivo_ca?_r=1&_t=ZN-97jOdTsXKsw"]},{"@type":"Person","@id":"https:\/\/nivo.ca\/fr\/#\/schema\/person\/a597a47304277e9d81076a713a29bbb9","name":"Nasha Cunningham","url":"https:\/\/nivo.ca\/fr\/author\/nasha-cunningham\/"}]}},"_links":{"self":[{"href":"https:\/\/nivo.ca\/fr\/wp-json\/wp\/v2\/posts\/7292","targetHints":{"allow":["GET"]}}],"collection":[{"href":"https:\/\/nivo.ca\/fr\/wp-json\/wp\/v2\/posts"}],"about":[{"href":"https:\/\/nivo.ca\/fr\/wp-json\/wp\/v2\/types\/post"}],"author":[{"embeddable":true,"href":"https:\/\/nivo.ca\/fr\/wp-json\/wp\/v2\/users\/7"}],"replies":[{"embeddable":true,"href":"https:\/\/nivo.ca\/fr\/wp-json\/wp\/v2\/comments?post=7292"}],"version-history":[{"count":6,"href":"https:\/\/nivo.ca\/fr\/wp-json\/wp\/v2\/posts\/7292\/revisions"}],"predecessor-version":[{"id":7301,"href":"https:\/\/nivo.ca\/fr\/wp-json\/wp\/v2\/posts\/7292\/revisions\/7301"}],"wp:featuredmedia":[{"embeddable":true,"href":"https:\/\/nivo.ca\/fr\/wp-json\/wp\/v2\/media\/7291"}],"wp:attachment":[{"href":"https:\/\/nivo.ca\/fr\/wp-json\/wp\/v2\/media?parent=7292"}],"wp:term":[{"taxonomy":"category","embeddable":true,"href":"https:\/\/nivo.ca\/fr\/wp-json\/wp\/v2\/categories?post=7292"},{"taxonomy":"post_tag","embeddable":true,"href":"https:\/\/nivo.ca\/fr\/wp-json\/wp\/v2\/tags?post=7292"}],"curies":[{"name":"wp","href":"https:\/\/api.w.org\/{rel}","templated":true}]}}