{"id":6972,"date":"2026-06-30T21:21:16","date_gmt":"2026-06-30T21:21:16","guid":{"rendered":"http:\/\/nivo.ca\/?p=6972"},"modified":"2026-07-16T15:51:36","modified_gmt":"2026-07-16T15:51:36","slug":"les-evenements-estivaux-dans-les-communautes-desservies-par-nivo","status":"publish","type":"post","link":"https:\/\/nivo.ca\/fr\/les-evenements-estivaux-dans-les-communautes-desservies-par-nivo\/","title":{"rendered":"Les \u00e9v\u00e9nements estivaux dans les communaut\u00e9s desservies par NIVO"},"content":{"rendered":"\t\t<div data-elementor-type=\"wp-post\" data-elementor-id=\"6972\" class=\"elementor elementor-6972 elementor-6944\" data-elementor-post-type=\"post\">\n\t\t\t\t<div class=\"elementor-element elementor-element-5e79fce e-con-full e-flex e-con e-parent\" data-id=\"5e79fce\" data-element_type=\"container\" data-e-type=\"container\">\n\t\t\t\t<div class=\"elementor-element elementor-element-78e05cfc elementor-widget-widescreen__width-initial elementor-widget__width-initial elementor-widget elementor-widget-text-editor\" data-id=\"78e05cfc\" data-element_type=\"widget\" data-e-type=\"widget\" data-widget_type=\"text-editor.default\">\n\t\t\t\t\t\t\t\t\t<p>L&rsquo;\u00e9t\u00e9 est le moment id\u00e9al pour profiter des \u00e9v\u00e9nements qui animent nos communaut\u00e9s. Des festivals aux foires agricoles, en passant par les concerts, les march\u00e9s et les c\u00e9l\u00e9brations communautaires, il y a une foule d&rsquo;activit\u00e9s \u00e0 d\u00e9couvrir partout o\u00f9 NIVO offre ses services.<\/p><p><br \/>Que vous habitiez \u00e0 Sault Ste. Marie, dans le Grand Sudbury, \u00e0 Elliot Lake, sur l&rsquo;\u00eele Manitoulin ou dans les collectivit\u00e9s de la r\u00e9gion d&rsquo;Algoma, il y a toujours un \u00e9v\u00e9nement \u00e0 ne pas manquer pr\u00e8s de chez vous.<br \/>Vous souhaitez savoir o\u00f9 rencontrer l&rsquo;\u00e9quipe de NIVO cet \u00e9t\u00e9?<br \/>Consultez notre calendrier complet des \u00e9v\u00e9nements NIVO. (Ins\u00e9rez le lien vers votre page d&rsquo;\u00e9v\u00e9nements.)<\/p><p>R\u00e9gion du Grand Sudbury<br \/>Lively<br \/>C\u00e9l\u00e9brations de la f\u00eate du Canada<br \/>1er juillet<br \/>Profitez d&rsquo;une journ\u00e9e remplie d&rsquo;activit\u00e9s familiales, de musique, de barbecue communautaire et de feux d&rsquo;artifice.<br \/>Plus d&rsquo;information : <a href=\"https:\/\/www.greatersudbury.ca\/play\/events\/\">https:\/\/www.greatersudbury.ca\/play\/events\/<\/a><\/p><p><br \/><strong>Anderson Farm Fall Fair<\/strong><br \/>26 septembre<br \/>Une foire agricole traditionnelle proposant des expositions, des marchands locaux, des activit\u00e9s familiales et de la nourriture.<br \/>Plus d&rsquo;information : <a href=\"https:\/\/www.greatersudbury.ca\/play\/events\/\">https:\/\/www.greatersudbury.ca\/play\/events\/<\/a><\/p><p><strong>Grand Sudbury<\/strong><br \/>Northern Lights Festival Bor\u00e9al<br \/>Du 10 au 12 juillet 2026<br \/>Le plus ancien festival de musique en plein air du Canada pr\u00e9sente des artistes de renom, des artisans, des camions-restaurants et des activit\u00e9s pour toute la famille.<br \/>Site Web : https:\/\/nlfb.ca<br \/>Up Here Festival<br \/>Ao\u00fbt 2026<br \/>D\u00e9couvrez des murales, des \u0153uvres d&rsquo;art public, des spectacles musicaux et des exp\u00e9riences culturelles au c\u0153ur du centre-ville de Sudbury.<br \/>Site Web : https:\/\/uphere.com<\/p><p>Sault Ste. Marie<br \/>Rotaryfest<br \/>Du 16 au 19 juillet 2026<br \/>L&rsquo;un des plus grands festivals de la ville avec man\u00e8ges, spectacles, kiosques alimentaires et divertissements pour toute la famille.<br \/>Site Web : https:\/\/rotaryfest.com<br \/>Art in the Park<br \/>Du 18 au 19 juillet 2026<br \/>Rencontrez des artistes et artisans locaux dans le magnifique parc Roberta Bondar.<br \/>Site Web : https:\/\/saultstemarie.ca<br \/>Canal Days<br \/>Fin juillet<br \/>D\u00e9couvrez l&rsquo;histoire des \u00e9cluses de Sault Ste. Marie gr\u00e2ce \u00e0 des d\u00e9monstrations, des activit\u00e9s familiales et des animations.<br \/>Site Web : https:\/\/parks.canada.ca\/lhn-nhs\/on\/ssmarie<br \/>March\u00e9 fermier de Sault Ste. Marie<br \/>Tous les samedis<br \/>Faites le plein de produits frais, de p\u00e2tisseries, d&rsquo;artisanat et de produits locaux.<br \/>Site Web : https:\/\/www.saultmarket.com<\/p><p>Elliot Lake<br \/>Uranium Heritage Days<br \/>Du 25 juin au 1er juillet 2026<br \/>L&rsquo;une des plus importantes c\u00e9l\u00e9brations de la ville comprenant un d\u00e9fil\u00e9, des spectacles, des activit\u00e9s familiales et les festivit\u00e9s de la f\u00eate du Canada.<br \/>Site Web : https:\/\/www.elliotlake.ca<br \/>S\u00e9rie de concerts d&rsquo;\u00e9t\u00e9<br \/>Juillet et ao\u00fbt<br \/>Profitez de concerts gratuits en plein air dans les parcs de la ville.<br \/>Site Web : https:\/\/www.elliotlake.ca<\/p><p>R\u00e9gion d&rsquo;Algoma<br \/>Echo Bay<br \/>Tournoi de golf des Elks d&rsquo;Echo Bay<br \/>13 juin<br \/>Un tournoi annuel pr\u00e9sent\u00e9 au Silver Creek Golf Course qui rassemble les golfeurs de la r\u00e9gion.<br \/>Plus d&rsquo;information : https:\/\/www.mmatownship.ca<br \/>C\u00e9l\u00e9brations de la f\u00eate du Canada<br \/>1er juillet<br \/>D\u00e9fil\u00e9, activit\u00e9s familiales, spectacles et feux d&rsquo;artifice.<br \/>Site Web : https:\/\/www.mmatownship.ca<\/p><p>Bruce Mines<br \/>C\u00e9l\u00e9bration de la f\u00eate du Canada au Simpson Mine Shaft<br \/>1er juillet<br \/>C\u00e9l\u00e9brez la f\u00eate du Canada dans l&rsquo;une des plus anciennes communaut\u00e9s mini\u00e8res du Nord de l&rsquo;Ontario.<br \/>Site Web : https:\/\/brucemines.ca<\/p><p>Desbarats<br \/>Big Pike Family Fishing Derby<br \/>Fin juin<br \/>Une activit\u00e9 familiale populaire qui r\u00e9unit les amateurs de p\u00eache de tous les \u00e2ges.<br \/>Site Web : https:\/\/www.algomacountry.com\/events\/<br \/>\u00c9v\u00e9nements communautaires du canton de Johnson<br \/>Le canton organise tout au long de l&rsquo;ann\u00e9e des activit\u00e9s r\u00e9cr\u00e9atives, des \u00e9v\u00e9nements saisonniers et des rassemblements communautaires.<br \/>Site Web : https:\/\/johnsontownship.ca<br \/>Journ\u00e9e communautaire de Desbarats<br \/>Date \u00e0 confirmer<br \/>Une journ\u00e9e d&rsquo;activit\u00e9s pour les familles et les r\u00e9sidents de la communaut\u00e9.<br \/>Site Web : https:\/\/johnsontownship.ca<\/p><p>Laird<br \/>Laird Fair<br \/>Du 14 au 16 ao\u00fbt 2026<br \/>Une foire agricole bien connue proposant des expositions, des comp\u00e9titions, des spectacles, des man\u00e8ges et des activit\u00e9s pour toute la famille.<br \/>Site Web : https:\/\/www.thelairdfair.ca<\/p><p>\u00cele Manitoulin<br \/>Gore Bay<br \/>Harbour Days Festival<br \/>Fin juillet<br \/>L&rsquo;un des plus importants festivals de l&rsquo;\u00eele Manitoulin avec spectacles, voitures anciennes, vendeurs, activit\u00e9s familiales et animations au bord de l&rsquo;eau.<br \/>Site Web : https:\/\/www.gorebay.ca\/recreation-and-culture\/harbour-days-festival\/<br \/>Saison estivale du Gore Bay Summer Theatre<br \/>Juillet \u00e0 ao\u00fbt<br \/>Assistez \u00e0 une programmation vari\u00e9e de spectacles pr\u00e9sent\u00e9s tout au long de l&rsquo;\u00e9t\u00e9.<br \/>Site Web : https:\/\/www.gorebay.ca\/en\/community\/theatre<br \/>Rotary Bay to Bay Ride<br \/>26 ao\u00fbt<br \/>Une randonn\u00e9e cycliste panoramique au profit de projets communautaires.<br \/>Site Web : https:\/\/gorebayrotary.org<\/p><p>Encore plus d&rsquo;activit\u00e9s dans la r\u00e9gion<br \/>De nombreux autres \u00e9v\u00e9nements ont lieu tout au long de l&rsquo;\u00e9t\u00e9 partout en Algoma et sur l&rsquo;\u00eele Manitoulin, notamment des march\u00e9s fermiers, des foires, des festivals, des concerts en plein air, des tournois de p\u00eache et des expositions de voitures.<br \/>Consultez le calendrier r\u00e9gional des \u00e9v\u00e9nements :<br \/>https:\/\/www.algomacountry.com\/events\/<\/p><p>Retrouvez NIVO cet \u00e9t\u00e9<br \/>NIVO est fi\u00e8re de soutenir les collectivit\u00e9s qu&rsquo;elle dessert. Tout au long de l&rsquo;\u00e9t\u00e9, notre \u00e9quipe participera \u00e0 plusieurs festivals, foires et \u00e9v\u00e9nements communautaires dans le Nord de l&rsquo;Ontario.<br \/>Passez nous voir pour :<br \/>\u2022 D\u00e9couvrir les services Internet par fibre offerts dans votre communaut\u00e9.<br \/>\u2022 Poser vos questions sur les travaux de construction et la disponibilit\u00e9 des services.<br \/>\u2022 Rencontrer l&rsquo;\u00e9quipe NIVO.<br \/>\u2022 Obtenir des articles promotionnels et des cadeaux.<br \/>Pour conna\u00eetre tous les \u00e9v\u00e9nements auxquels nous participerons, consultez notre calendrier des \u00e9v\u00e9nements NIVO.<\/p>\t\t\t\t\t\t\t\t<\/div>\n\t\t\t\t<\/div>\n\t\t\t\t<\/div>\n\t\t","protected":false},"excerpt":{"rendered":"<p>L&rsquo;\u00e9t\u00e9 est le moment id\u00e9al pour profiter des \u00e9v\u00e9nements qui animent nos communaut\u00e9s. Des festivals aux foires agricoles, en passant par les concerts, les march\u00e9s et les c\u00e9l\u00e9brations communautaires, il [&hellip;]<\/p>\n","protected":false},"author":7,"featured_media":6971,"comment_status":"closed","ping_status":"closed","sticky":false,"template":"","format":"standard","meta":{"_acf_changed":false,"content-type":"","footnotes":""},"categories":[8],"tags":[],"class_list":["post-6972","post","type-post","status-publish","format-standard","has-post-thumbnail","hentry","category-non-categorise"],"acf":[],"yoast_head":"<!-- This site is optimized with the Yoast SEO Premium plugin v28.2 (Yoast SEO v28.2) - https:\/\/yoast.com\/product\/yoast-seo-premium-wordpress\/ -->\n<title>Les \u00e9v\u00e9nements estivaux dans les communaut\u00e9s desservies par NIVO - NIVO by PomeGran<\/title>\n<meta name=\"robots\" content=\"index, follow, max-snippet:-1, max-image-preview:large, max-video-preview:-1\" \/>\n<link rel=\"canonical\" href=\"https:\/\/nivo.ca\/fr\/les-evenements-estivaux-dans-les-communautes-desservies-par-nivo\/\" \/>\n<meta property=\"og:locale\" content=\"fr_FR\" \/>\n<meta property=\"og:type\" content=\"article\" \/>\n<meta property=\"og:title\" content=\"Les \u00e9v\u00e9nements estivaux dans les communaut\u00e9s desservies par NIVO\" \/>\n<meta property=\"og:description\" content=\"L&rsquo;\u00e9t\u00e9 est le moment id\u00e9al pour profiter des \u00e9v\u00e9nements qui animent nos communaut\u00e9s. Des festivals aux foires agricoles, en passant par les concerts, les march\u00e9s et les c\u00e9l\u00e9brations communautaires, il [&hellip;]\" \/>\n<meta property=\"og:url\" content=\"https:\/\/nivo.ca\/fr\/les-evenements-estivaux-dans-les-communautes-desservies-par-nivo\/\" \/>\n<meta property=\"og:site_name\" content=\"NIVO by PomeGran\" \/>\n<meta property=\"article:publisher\" content=\"https:\/\/www.facebook.com\/NIVOTelecom\/\" \/>\n<meta property=\"article:published_time\" content=\"2026-06-30T21:21:16+00:00\" \/>\n<meta property=\"article:modified_time\" content=\"2026-07-16T15:51:36+00:00\" \/>\n<meta property=\"og:image\" content=\"https:\/\/nivo.ca\/wp-content\/uploads\/2026\/06\/Untitled-June-30-2026-at-16.33.45-1-1024x576.png\" \/>\n<meta name=\"author\" content=\"Nasha Cunningham\" \/>\n<meta name=\"twitter:card\" content=\"summary_large_image\" \/>\n<meta name=\"twitter:image\" content=\"https:\/\/nivo.ca\/wp-content\/uploads\/2026\/06\/NIVO-Blog-13.png\" \/>\n<meta name=\"twitter:label1\" content=\"\u00c9crit par\" \/>\n\t<meta name=\"twitter:data1\" content=\"Nasha Cunningham\" \/>\n\t<meta name=\"twitter:label2\" content=\"Dur\u00e9e de lecture estim\u00e9e\" \/>\n\t<meta name=\"twitter:data2\" content=\"4 minutes\" \/>\n<script type=\"application\/ld+json\" class=\"yoast-schema-graph\">{\"@context\":\"https:\\\/\\\/schema.org\",\"@graph\":[{\"@type\":\"Article\",\"@id\":\"https:\\\/\\\/nivo.ca\\\/fr\\\/les-evenements-estivaux-dans-les-communautes-desservies-par-nivo\\\/#article\",\"isPartOf\":{\"@id\":\"https:\\\/\\\/nivo.ca\\\/fr\\\/les-evenements-estivaux-dans-les-communautes-desservies-par-nivo\\\/\"},\"author\":{\"name\":\"Nasha Cunningham\",\"@id\":\"https:\\\/\\\/nivo.ca\\\/fr\\\/#\\\/schema\\\/person\\\/a597a47304277e9d81076a713a29bbb9\"},\"headline\":\"Les \u00e9v\u00e9nements estivaux dans les communaut\u00e9s desservies par NIVO\",\"datePublished\":\"2026-06-30T21:21:16+00:00\",\"dateModified\":\"2026-07-16T15:51:36+00:00\",\"mainEntityOfPage\":{\"@id\":\"https:\\\/\\\/nivo.ca\\\/fr\\\/les-evenements-estivaux-dans-les-communautes-desservies-par-nivo\\\/\"},\"wordCount\":992,\"publisher\":{\"@id\":\"https:\\\/\\\/nivo.ca\\\/fr\\\/#organization\"},\"image\":{\"@id\":\"https:\\\/\\\/nivo.ca\\\/fr\\\/les-evenements-estivaux-dans-les-communautes-desservies-par-nivo\\\/#primaryimage\"},\"thumbnailUrl\":\"https:\\\/\\\/nivo.ca\\\/wp-content\\\/uploads\\\/2026\\\/06\\\/Untitled-June-30-2026-at-16.33.45-1.png\",\"articleSection\":[\"Non cat\u00e9goris\u00e9\"],\"inLanguage\":\"fr-FR\"},{\"@type\":\"WebPage\",\"@id\":\"https:\\\/\\\/nivo.ca\\\/fr\\\/les-evenements-estivaux-dans-les-communautes-desservies-par-nivo\\\/\",\"url\":\"https:\\\/\\\/nivo.ca\\\/fr\\\/les-evenements-estivaux-dans-les-communautes-desservies-par-nivo\\\/\",\"name\":\"Les \u00e9v\u00e9nements estivaux dans les communaut\u00e9s desservies par NIVO - NIVO by PomeGran\",\"isPartOf\":{\"@id\":\"https:\\\/\\\/nivo.ca\\\/fr\\\/#website\"},\"primaryImageOfPage\":{\"@id\":\"https:\\\/\\\/nivo.ca\\\/fr\\\/les-evenements-estivaux-dans-les-communautes-desservies-par-nivo\\\/#primaryimage\"},\"image\":{\"@id\":\"https:\\\/\\\/nivo.ca\\\/fr\\\/les-evenements-estivaux-dans-les-communautes-desservies-par-nivo\\\/#primaryimage\"},\"thumbnailUrl\":\"https:\\\/\\\/nivo.ca\\\/wp-content\\\/uploads\\\/2026\\\/06\\\/Untitled-June-30-2026-at-16.33.45-1.png\",\"datePublished\":\"2026-06-30T21:21:16+00:00\",\"dateModified\":\"2026-07-16T15:51:36+00:00\",\"breadcrumb\":{\"@id\":\"https:\\\/\\\/nivo.ca\\\/fr\\\/les-evenements-estivaux-dans-les-communautes-desservies-par-nivo\\\/#breadcrumb\"},\"inLanguage\":\"fr-FR\",\"potentialAction\":[{\"@type\":\"ReadAction\",\"target\":[\"https:\\\/\\\/nivo.ca\\\/fr\\\/les-evenements-estivaux-dans-les-communautes-desservies-par-nivo\\\/\"]}]},{\"@type\":\"ImageObject\",\"inLanguage\":\"fr-FR\",\"@id\":\"https:\\\/\\\/nivo.ca\\\/fr\\\/les-evenements-estivaux-dans-les-communautes-desservies-par-nivo\\\/#primaryimage\",\"url\":\"https:\\\/\\\/nivo.ca\\\/wp-content\\\/uploads\\\/2026\\\/06\\\/Untitled-June-30-2026-at-16.33.45-1.png\",\"contentUrl\":\"https:\\\/\\\/nivo.ca\\\/wp-content\\\/uploads\\\/2026\\\/06\\\/Untitled-June-30-2026-at-16.33.45-1.png\",\"width\":1200,\"height\":675,\"caption\":\"NIVO Event blog\"},{\"@type\":\"BreadcrumbList\",\"@id\":\"https:\\\/\\\/nivo.ca\\\/fr\\\/les-evenements-estivaux-dans-les-communautes-desservies-par-nivo\\\/#breadcrumb\",\"itemListElement\":[{\"@type\":\"ListItem\",\"position\":1,\"name\":\"Home\",\"item\":\"https:\\\/\\\/nivo.ca\\\/fr\\\/\"},{\"@type\":\"ListItem\",\"position\":2,\"name\":\"Les \u00e9v\u00e9nements estivaux dans les communaut\u00e9s desservies par NIVO\"}]},{\"@type\":\"WebSite\",\"@id\":\"https:\\\/\\\/nivo.ca\\\/fr\\\/#website\",\"url\":\"https:\\\/\\\/nivo.ca\\\/fr\\\/\",\"name\":\"NIVO by PomeGran\",\"description\":\"Fibre internet, built for you.\",\"publisher\":{\"@id\":\"https:\\\/\\\/nivo.ca\\\/fr\\\/#organization\"},\"potentialAction\":[{\"@type\":\"SearchAction\",\"target\":{\"@type\":\"EntryPoint\",\"urlTemplate\":\"https:\\\/\\\/nivo.ca\\\/fr\\\/?s={search_term_string}\"},\"query-input\":{\"@type\":\"PropertyValueSpecification\",\"valueRequired\":true,\"valueName\":\"search_term_string\"}}],\"inLanguage\":\"fr-FR\"},{\"@type\":\"Organization\",\"@id\":\"https:\\\/\\\/nivo.ca\\\/fr\\\/#organization\",\"name\":\"NIVO\",\"url\":\"https:\\\/\\\/nivo.ca\\\/fr\\\/\",\"logo\":{\"@type\":\"ImageObject\",\"inLanguage\":\"fr-FR\",\"@id\":\"https:\\\/\\\/nivo.ca\\\/fr\\\/#\\\/schema\\\/logo\\\/image\\\/\",\"url\":\"https:\\\/\\\/nivo.ca\\\/wp-content\\\/uploads\\\/2024\\\/12\\\/RGB_NIVO_Main_isolated_color-1.svg\",\"contentUrl\":\"https:\\\/\\\/nivo.ca\\\/wp-content\\\/uploads\\\/2024\\\/12\\\/RGB_NIVO_Main_isolated_color-1.svg\",\"width\":93,\"height\":47,\"caption\":\"NIVO\"},\"image\":{\"@id\":\"https:\\\/\\\/nivo.ca\\\/fr\\\/#\\\/schema\\\/logo\\\/image\\\/\"},\"sameAs\":[\"https:\\\/\\\/www.facebook.com\\\/NIVOTelecom\\\/\",\"https:\\\/\\\/www.linkedin.com\\\/company\\\/nivoca\\\/\",\"https:\\\/\\\/www.instagram.com\\\/nivo_telecom\\\/\",\"https:\\\/\\\/www.tiktok.com\\\/@nivo_ca?_r=1&_t=ZN-97jOdTsXKsw\"]},{\"@type\":\"Person\",\"@id\":\"https:\\\/\\\/nivo.ca\\\/fr\\\/#\\\/schema\\\/person\\\/a597a47304277e9d81076a713a29bbb9\",\"name\":\"Nasha Cunningham\",\"url\":\"https:\\\/\\\/nivo.ca\\\/fr\\\/author\\\/nasha-cunningham\\\/\"}]}<\/script>\n<!-- \/ Yoast SEO Premium plugin. -->","yoast_head_json":{"title":"Les \u00e9v\u00e9nements estivaux dans les communaut\u00e9s desservies par NIVO - NIVO by PomeGran","robots":{"index":"index","follow":"follow","max-snippet":"max-snippet:-1","max-image-preview":"max-image-preview:large","max-video-preview":"max-video-preview:-1"},"canonical":"https:\/\/nivo.ca\/fr\/les-evenements-estivaux-dans-les-communautes-desservies-par-nivo\/","og_locale":"fr_FR","og_type":"article","og_title":"Les \u00e9v\u00e9nements estivaux dans les communaut\u00e9s desservies par NIVO","og_description":"L&rsquo;\u00e9t\u00e9 est le moment id\u00e9al pour profiter des \u00e9v\u00e9nements qui animent nos communaut\u00e9s. Des festivals aux foires agricoles, en passant par les concerts, les march\u00e9s et les c\u00e9l\u00e9brations communautaires, il [&hellip;]","og_url":"https:\/\/nivo.ca\/fr\/les-evenements-estivaux-dans-les-communautes-desservies-par-nivo\/","og_site_name":"NIVO by PomeGran","article_publisher":"https:\/\/www.facebook.com\/NIVOTelecom\/","article_published_time":"2026-06-30T21:21:16+00:00","article_modified_time":"2026-07-16T15:51:36+00:00","og_image":[{"url":"https:\/\/nivo.ca\/wp-content\/uploads\/2026\/06\/Untitled-June-30-2026-at-16.33.45-1-1024x576.png","type":"","width":"","height":""}],"author":"Nasha Cunningham","twitter_card":"summary_large_image","twitter_image":"https:\/\/nivo.ca\/wp-content\/uploads\/2026\/06\/NIVO-Blog-13.png","twitter_misc":{"\u00c9crit par":"Nasha Cunningham","Dur\u00e9e de lecture estim\u00e9e":"4 minutes"},"schema":{"@context":"https:\/\/schema.org","@graph":[{"@type":"Article","@id":"https:\/\/nivo.ca\/fr\/les-evenements-estivaux-dans-les-communautes-desservies-par-nivo\/#article","isPartOf":{"@id":"https:\/\/nivo.ca\/fr\/les-evenements-estivaux-dans-les-communautes-desservies-par-nivo\/"},"author":{"name":"Nasha Cunningham","@id":"https:\/\/nivo.ca\/fr\/#\/schema\/person\/a597a47304277e9d81076a713a29bbb9"},"headline":"Les \u00e9v\u00e9nements estivaux dans les communaut\u00e9s desservies par NIVO","datePublished":"2026-06-30T21:21:16+00:00","dateModified":"2026-07-16T15:51:36+00:00","mainEntityOfPage":{"@id":"https:\/\/nivo.ca\/fr\/les-evenements-estivaux-dans-les-communautes-desservies-par-nivo\/"},"wordCount":992,"publisher":{"@id":"https:\/\/nivo.ca\/fr\/#organization"},"image":{"@id":"https:\/\/nivo.ca\/fr\/les-evenements-estivaux-dans-les-communautes-desservies-par-nivo\/#primaryimage"},"thumbnailUrl":"https:\/\/nivo.ca\/wp-content\/uploads\/2026\/06\/Untitled-June-30-2026-at-16.33.45-1.png","articleSection":["Non cat\u00e9goris\u00e9"],"inLanguage":"fr-FR"},{"@type":"WebPage","@id":"https:\/\/nivo.ca\/fr\/les-evenements-estivaux-dans-les-communautes-desservies-par-nivo\/","url":"https:\/\/nivo.ca\/fr\/les-evenements-estivaux-dans-les-communautes-desservies-par-nivo\/","name":"Les \u00e9v\u00e9nements estivaux dans les communaut\u00e9s desservies par NIVO - NIVO by PomeGran","isPartOf":{"@id":"https:\/\/nivo.ca\/fr\/#website"},"primaryImageOfPage":{"@id":"https:\/\/nivo.ca\/fr\/les-evenements-estivaux-dans-les-communautes-desservies-par-nivo\/#primaryimage"},"image":{"@id":"https:\/\/nivo.ca\/fr\/les-evenements-estivaux-dans-les-communautes-desservies-par-nivo\/#primaryimage"},"thumbnailUrl":"https:\/\/nivo.ca\/wp-content\/uploads\/2026\/06\/Untitled-June-30-2026-at-16.33.45-1.png","datePublished":"2026-06-30T21:21:16+00:00","dateModified":"2026-07-16T15:51:36+00:00","breadcrumb":{"@id":"https:\/\/nivo.ca\/fr\/les-evenements-estivaux-dans-les-communautes-desservies-par-nivo\/#breadcrumb"},"inLanguage":"fr-FR","potentialAction":[{"@type":"ReadAction","target":["https:\/\/nivo.ca\/fr\/les-evenements-estivaux-dans-les-communautes-desservies-par-nivo\/"]}]},{"@type":"ImageObject","inLanguage":"fr-FR","@id":"https:\/\/nivo.ca\/fr\/les-evenements-estivaux-dans-les-communautes-desservies-par-nivo\/#primaryimage","url":"https:\/\/nivo.ca\/wp-content\/uploads\/2026\/06\/Untitled-June-30-2026-at-16.33.45-1.png","contentUrl":"https:\/\/nivo.ca\/wp-content\/uploads\/2026\/06\/Untitled-June-30-2026-at-16.33.45-1.png","width":1200,"height":675,"caption":"NIVO Event blog"},{"@type":"BreadcrumbList","@id":"https:\/\/nivo.ca\/fr\/les-evenements-estivaux-dans-les-communautes-desservies-par-nivo\/#breadcrumb","itemListElement":[{"@type":"ListItem","position":1,"name":"Home","item":"https:\/\/nivo.ca\/fr\/"},{"@type":"ListItem","position":2,"name":"Les \u00e9v\u00e9nements estivaux dans les communaut\u00e9s desservies par NIVO"}]},{"@type":"WebSite","@id":"https:\/\/nivo.ca\/fr\/#website","url":"https:\/\/nivo.ca\/fr\/","name":"NIVO by PomeGran","description":"Fibre internet, built for you.","publisher":{"@id":"https:\/\/nivo.ca\/fr\/#organization"},"potentialAction":[{"@type":"SearchAction","target":{"@type":"EntryPoint","urlTemplate":"https:\/\/nivo.ca\/fr\/?s={search_term_string}"},"query-input":{"@type":"PropertyValueSpecification","valueRequired":true,"valueName":"search_term_string"}}],"inLanguage":"fr-FR"},{"@type":"Organization","@id":"https:\/\/nivo.ca\/fr\/#organization","name":"NIVO","url":"https:\/\/nivo.ca\/fr\/","logo":{"@type":"ImageObject","inLanguage":"fr-FR","@id":"https:\/\/nivo.ca\/fr\/#\/schema\/logo\/image\/","url":"https:\/\/nivo.ca\/wp-content\/uploads\/2024\/12\/RGB_NIVO_Main_isolated_color-1.svg","contentUrl":"https:\/\/nivo.ca\/wp-content\/uploads\/2024\/12\/RGB_NIVO_Main_isolated_color-1.svg","width":93,"height":47,"caption":"NIVO"},"image":{"@id":"https:\/\/nivo.ca\/fr\/#\/schema\/logo\/image\/"},"sameAs":["https:\/\/www.facebook.com\/NIVOTelecom\/","https:\/\/www.linkedin.com\/company\/nivoca\/","https:\/\/www.instagram.com\/nivo_telecom\/","https:\/\/www.tiktok.com\/@nivo_ca?_r=1&_t=ZN-97jOdTsXKsw"]},{"@type":"Person","@id":"https:\/\/nivo.ca\/fr\/#\/schema\/person\/a597a47304277e9d81076a713a29bbb9","name":"Nasha Cunningham","url":"https:\/\/nivo.ca\/fr\/author\/nasha-cunningham\/"}]}},"_links":{"self":[{"href":"https:\/\/nivo.ca\/fr\/wp-json\/wp\/v2\/posts\/6972","targetHints":{"allow":["GET"]}}],"collection":[{"href":"https:\/\/nivo.ca\/fr\/wp-json\/wp\/v2\/posts"}],"about":[{"href":"https:\/\/nivo.ca\/fr\/wp-json\/wp\/v2\/types\/post"}],"author":[{"embeddable":true,"href":"https:\/\/nivo.ca\/fr\/wp-json\/wp\/v2\/users\/7"}],"replies":[{"embeddable":true,"href":"https:\/\/nivo.ca\/fr\/wp-json\/wp\/v2\/comments?post=6972"}],"version-history":[{"count":4,"href":"https:\/\/nivo.ca\/fr\/wp-json\/wp\/v2\/posts\/6972\/revisions"}],"predecessor-version":[{"id":7183,"href":"https:\/\/nivo.ca\/fr\/wp-json\/wp\/v2\/posts\/6972\/revisions\/7183"}],"wp:featuredmedia":[{"embeddable":true,"href":"https:\/\/nivo.ca\/fr\/wp-json\/wp\/v2\/media\/6971"}],"wp:attachment":[{"href":"https:\/\/nivo.ca\/fr\/wp-json\/wp\/v2\/media?parent=6972"}],"wp:term":[{"taxonomy":"category","embeddable":true,"href":"https:\/\/nivo.ca\/fr\/wp-json\/wp\/v2\/categories?post=6972"},{"taxonomy":"post_tag","embeddable":true,"href":"https:\/\/nivo.ca\/fr\/wp-json\/wp\/v2\/tags?post=6972"}],"curies":[{"name":"wp","href":"https:\/\/api.w.org\/{rel}","templated":true}]}}