{"id":7235,"date":"2026-07-23T19:43:35","date_gmt":"2026-07-23T19:43:35","guid":{"rendered":"https:\/\/nivo.ca\/?post_type=news&#038;p=7235"},"modified":"2026-07-24T10:45:15","modified_gmt":"2026-07-24T10:45:15","slug":"la-presidente-de-pomegran-quebec-christine-marion-est-nommee-a-deux-postes-de-leadership-au-sein-de-la-fiber-broadband-association","status":"publish","type":"news","link":"https:\/\/nivo.ca\/fr\/news\/la-presidente-de-pomegran-quebec-christine-marion-est-nommee-a-deux-postes-de-leadership-au-sein-de-la-fiber-broadband-association\/","title":{"rendered":"La pr\u00e9sidente de PomeGran Qu\u00e9bec, Christine Marion, est nomm\u00e9e \u00e0 deux postes de leadership au sein de la Fiber Broadband Association"},"content":{"rendered":"<p>\u00c0 titre de marque de services Internet de PomeGran, NIVO est fi\u00e8re de souligner le leadership de Christine Marion au sein de la Fiber Broadband Association. Ces nominations renforcent la pr\u00e9sence du Canada dans l&rsquo;avenir de la fibre optique et appuient la mission de NIVO d&rsquo;offrir un fibre optique Internet haute vitesse fiable aux communaut\u00e9s rurales et mal desservies.<\/p>\n<p>Lire le communiqu\u00e9 complet sur la page Actualit\u00e9s de PomeGran \u2192 <a href=\"https:\/\/pomegran.com\/la-presidente-de-pomegran-quebec-christine-marion-est-nommee-a-deux-postes-de-leadership-au-sein-de-la-fiber-broadband-association\/\">La pr\u00e9sidente de PomeGran Qu\u00e9bec, Christine Marion, est nomm\u00e9e \u00e0 deux postes de leadership au sein de la Fiber Broadband Association \u2013 Pomegran<\/a><\/p>\n","protected":false},"featured_media":7234,"template":"","meta":{"_acf_changed":false,"content-type":""},"class_list":["post-7235","news","type-news","status-publish","has-post-thumbnail","hentry"],"acf":[],"yoast_head":"<!-- This site is optimized with the Yoast SEO Premium plugin v28.2 (Yoast SEO v28.2) - https:\/\/yoast.com\/product\/yoast-seo-premium-wordpress\/ -->\n<title>La pr\u00e9sidente de PomeGran Qu\u00e9bec, Christine Marion, est nomm\u00e9e \u00e0 deux postes de leadership au sein de la Fiber Broadband Association - NIVO by PomeGran<\/title>\n<meta name=\"robots\" content=\"index, follow, max-snippet:-1, max-image-preview:large, max-video-preview:-1\" \/>\n<link rel=\"canonical\" href=\"https:\/\/nivo.ca\/fr\/news\/la-presidente-de-pomegran-quebec-christine-marion-est-nommee-a-deux-postes-de-leadership-au-sein-de-la-fiber-broadband-association\/\" \/>\n<meta property=\"og:locale\" content=\"fr_FR\" \/>\n<meta property=\"og:type\" content=\"article\" \/>\n<meta property=\"og:title\" content=\"La pr\u00e9sidente de PomeGran Qu\u00e9bec, Christine Marion, est nomm\u00e9e \u00e0 deux postes de leadership au sein de la Fiber Broadband Association\" \/>\n<meta property=\"og:description\" content=\"\u00c0 titre de marque de services Internet de PomeGran, NIVO est fi\u00e8re de souligner le leadership de Christine Marion au sein de la Fiber Broadband Association. Ces nominations renforcent la [&hellip;]\" \/>\n<meta property=\"og:url\" content=\"https:\/\/nivo.ca\/fr\/news\/la-presidente-de-pomegran-quebec-christine-marion-est-nommee-a-deux-postes-de-leadership-au-sein-de-la-fiber-broadband-association\/\" \/>\n<meta property=\"og:site_name\" content=\"NIVO by PomeGran\" \/>\n<meta property=\"article:publisher\" content=\"https:\/\/www.facebook.com\/NIVOTelecom\/\" \/>\n<meta property=\"article:modified_time\" content=\"2026-07-24T10:45:15+00:00\" \/>\n<meta property=\"og:image\" content=\"https:\/\/nivo.ca\/wp-content\/uploads\/2026\/07\/NIVO-Blog-17.png\" \/>\n\t<meta property=\"og:image:width\" content=\"1005\" \/>\n\t<meta property=\"og:image:height\" content=\"754\" \/>\n\t<meta property=\"og:image:type\" content=\"image\/png\" \/>\n<meta name=\"twitter:card\" content=\"summary_large_image\" \/>\n<meta name=\"twitter:label1\" content=\"Dur\u00e9e de lecture estim\u00e9e\" \/>\n\t<meta name=\"twitter:data1\" content=\"1 minute\" \/>\n<script type=\"application\/ld+json\" class=\"yoast-schema-graph\">{\"@context\":\"https:\\\/\\\/schema.org\",\"@graph\":[{\"@type\":\"WebPage\",\"@id\":\"https:\\\/\\\/nivo.ca\\\/fr\\\/news\\\/la-presidente-de-pomegran-quebec-christine-marion-est-nommee-a-deux-postes-de-leadership-au-sein-de-la-fiber-broadband-association\\\/\",\"url\":\"https:\\\/\\\/nivo.ca\\\/fr\\\/news\\\/la-presidente-de-pomegran-quebec-christine-marion-est-nommee-a-deux-postes-de-leadership-au-sein-de-la-fiber-broadband-association\\\/\",\"name\":\"La pr\u00e9sidente de PomeGran Qu\u00e9bec, Christine Marion, est nomm\u00e9e \u00e0 deux postes de leadership au sein de la Fiber Broadband Association - NIVO by PomeGran\",\"isPartOf\":{\"@id\":\"https:\\\/\\\/nivo.ca\\\/fr\\\/#website\"},\"primaryImageOfPage\":{\"@id\":\"https:\\\/\\\/nivo.ca\\\/fr\\\/news\\\/la-presidente-de-pomegran-quebec-christine-marion-est-nommee-a-deux-postes-de-leadership-au-sein-de-la-fiber-broadband-association\\\/#primaryimage\"},\"image\":{\"@id\":\"https:\\\/\\\/nivo.ca\\\/fr\\\/news\\\/la-presidente-de-pomegran-quebec-christine-marion-est-nommee-a-deux-postes-de-leadership-au-sein-de-la-fiber-broadband-association\\\/#primaryimage\"},\"thumbnailUrl\":\"https:\\\/\\\/nivo.ca\\\/wp-content\\\/uploads\\\/2026\\\/07\\\/NIVO-Blog-17.png\",\"datePublished\":\"2026-07-23T19:43:35+00:00\",\"dateModified\":\"2026-07-24T10:45:15+00:00\",\"breadcrumb\":{\"@id\":\"https:\\\/\\\/nivo.ca\\\/fr\\\/news\\\/la-presidente-de-pomegran-quebec-christine-marion-est-nommee-a-deux-postes-de-leadership-au-sein-de-la-fiber-broadband-association\\\/#breadcrumb\"},\"inLanguage\":\"fr-FR\",\"potentialAction\":[{\"@type\":\"ReadAction\",\"target\":[\"https:\\\/\\\/nivo.ca\\\/fr\\\/news\\\/la-presidente-de-pomegran-quebec-christine-marion-est-nommee-a-deux-postes-de-leadership-au-sein-de-la-fiber-broadband-association\\\/\"]}]},{\"@type\":\"ImageObject\",\"inLanguage\":\"fr-FR\",\"@id\":\"https:\\\/\\\/nivo.ca\\\/fr\\\/news\\\/la-presidente-de-pomegran-quebec-christine-marion-est-nommee-a-deux-postes-de-leadership-au-sein-de-la-fiber-broadband-association\\\/#primaryimage\",\"url\":\"https:\\\/\\\/nivo.ca\\\/wp-content\\\/uploads\\\/2026\\\/07\\\/NIVO-Blog-17.png\",\"contentUrl\":\"https:\\\/\\\/nivo.ca\\\/wp-content\\\/uploads\\\/2026\\\/07\\\/NIVO-Blog-17.png\",\"width\":1005,\"height\":754},{\"@type\":\"BreadcrumbList\",\"@id\":\"https:\\\/\\\/nivo.ca\\\/fr\\\/news\\\/la-presidente-de-pomegran-quebec-christine-marion-est-nommee-a-deux-postes-de-leadership-au-sein-de-la-fiber-broadband-association\\\/#breadcrumb\",\"itemListElement\":[{\"@type\":\"ListItem\",\"position\":1,\"name\":\"Home\",\"item\":\"https:\\\/\\\/nivo.ca\\\/fr\\\/\"},{\"@type\":\"ListItem\",\"position\":2,\"name\":\"News\",\"item\":\"https:\\\/\\\/nivo.ca\\\/fr\\\/news\\\/\"},{\"@type\":\"ListItem\",\"position\":3,\"name\":\"La pr\u00e9sidente de PomeGran Qu\u00e9bec, Christine Marion, est nomm\u00e9e \u00e0 deux postes de leadership au sein de la Fiber Broadband Association\"}]},{\"@type\":\"WebSite\",\"@id\":\"https:\\\/\\\/nivo.ca\\\/fr\\\/#website\",\"url\":\"https:\\\/\\\/nivo.ca\\\/fr\\\/\",\"name\":\"NIVO by PomeGran\",\"description\":\"Fibre internet, built for you.\",\"publisher\":{\"@id\":\"https:\\\/\\\/nivo.ca\\\/fr\\\/#organization\"},\"potentialAction\":[{\"@type\":\"SearchAction\",\"target\":{\"@type\":\"EntryPoint\",\"urlTemplate\":\"https:\\\/\\\/nivo.ca\\\/fr\\\/?s={search_term_string}\"},\"query-input\":{\"@type\":\"PropertyValueSpecification\",\"valueRequired\":true,\"valueName\":\"search_term_string\"}}],\"inLanguage\":\"fr-FR\"},{\"@type\":\"Organization\",\"@id\":\"https:\\\/\\\/nivo.ca\\\/fr\\\/#organization\",\"name\":\"NIVO\",\"url\":\"https:\\\/\\\/nivo.ca\\\/fr\\\/\",\"logo\":{\"@type\":\"ImageObject\",\"inLanguage\":\"fr-FR\",\"@id\":\"https:\\\/\\\/nivo.ca\\\/fr\\\/#\\\/schema\\\/logo\\\/image\\\/\",\"url\":\"https:\\\/\\\/nivo.ca\\\/wp-content\\\/uploads\\\/2024\\\/12\\\/RGB_NIVO_Main_isolated_color-1.svg\",\"contentUrl\":\"https:\\\/\\\/nivo.ca\\\/wp-content\\\/uploads\\\/2024\\\/12\\\/RGB_NIVO_Main_isolated_color-1.svg\",\"width\":93,\"height\":47,\"caption\":\"NIVO\"},\"image\":{\"@id\":\"https:\\\/\\\/nivo.ca\\\/fr\\\/#\\\/schema\\\/logo\\\/image\\\/\"},\"sameAs\":[\"https:\\\/\\\/www.facebook.com\\\/NIVOTelecom\\\/\",\"https:\\\/\\\/www.linkedin.com\\\/company\\\/nivoca\\\/\",\"https:\\\/\\\/www.instagram.com\\\/nivo_telecom\\\/\",\"https:\\\/\\\/www.tiktok.com\\\/@nivo_ca?_r=1&_t=ZN-97jOdTsXKsw\"]}]}<\/script>\n<!-- \/ Yoast SEO Premium plugin. -->","yoast_head_json":{"title":"La pr\u00e9sidente de PomeGran Qu\u00e9bec, Christine Marion, est nomm\u00e9e \u00e0 deux postes de leadership au sein de la Fiber Broadband Association - NIVO by PomeGran","robots":{"index":"index","follow":"follow","max-snippet":"max-snippet:-1","max-image-preview":"max-image-preview:large","max-video-preview":"max-video-preview:-1"},"canonical":"https:\/\/nivo.ca\/fr\/news\/la-presidente-de-pomegran-quebec-christine-marion-est-nommee-a-deux-postes-de-leadership-au-sein-de-la-fiber-broadband-association\/","og_locale":"fr_FR","og_type":"article","og_title":"La pr\u00e9sidente de PomeGran Qu\u00e9bec, Christine Marion, est nomm\u00e9e \u00e0 deux postes de leadership au sein de la Fiber Broadband Association","og_description":"\u00c0 titre de marque de services Internet de PomeGran, NIVO est fi\u00e8re de souligner le leadership de Christine Marion au sein de la Fiber Broadband Association. Ces nominations renforcent la [&hellip;]","og_url":"https:\/\/nivo.ca\/fr\/news\/la-presidente-de-pomegran-quebec-christine-marion-est-nommee-a-deux-postes-de-leadership-au-sein-de-la-fiber-broadband-association\/","og_site_name":"NIVO by PomeGran","article_publisher":"https:\/\/www.facebook.com\/NIVOTelecom\/","article_modified_time":"2026-07-24T10:45:15+00:00","og_image":[{"width":1005,"height":754,"url":"https:\/\/nivo.ca\/wp-content\/uploads\/2026\/07\/NIVO-Blog-17.png","type":"image\/png"}],"twitter_card":"summary_large_image","twitter_misc":{"Dur\u00e9e de lecture estim\u00e9e":"1 minute"},"schema":{"@context":"https:\/\/schema.org","@graph":[{"@type":"WebPage","@id":"https:\/\/nivo.ca\/fr\/news\/la-presidente-de-pomegran-quebec-christine-marion-est-nommee-a-deux-postes-de-leadership-au-sein-de-la-fiber-broadband-association\/","url":"https:\/\/nivo.ca\/fr\/news\/la-presidente-de-pomegran-quebec-christine-marion-est-nommee-a-deux-postes-de-leadership-au-sein-de-la-fiber-broadband-association\/","name":"La pr\u00e9sidente de PomeGran Qu\u00e9bec, Christine Marion, est nomm\u00e9e \u00e0 deux postes de leadership au sein de la Fiber Broadband Association - NIVO by PomeGran","isPartOf":{"@id":"https:\/\/nivo.ca\/fr\/#website"},"primaryImageOfPage":{"@id":"https:\/\/nivo.ca\/fr\/news\/la-presidente-de-pomegran-quebec-christine-marion-est-nommee-a-deux-postes-de-leadership-au-sein-de-la-fiber-broadband-association\/#primaryimage"},"image":{"@id":"https:\/\/nivo.ca\/fr\/news\/la-presidente-de-pomegran-quebec-christine-marion-est-nommee-a-deux-postes-de-leadership-au-sein-de-la-fiber-broadband-association\/#primaryimage"},"thumbnailUrl":"https:\/\/nivo.ca\/wp-content\/uploads\/2026\/07\/NIVO-Blog-17.png","datePublished":"2026-07-23T19:43:35+00:00","dateModified":"2026-07-24T10:45:15+00:00","breadcrumb":{"@id":"https:\/\/nivo.ca\/fr\/news\/la-presidente-de-pomegran-quebec-christine-marion-est-nommee-a-deux-postes-de-leadership-au-sein-de-la-fiber-broadband-association\/#breadcrumb"},"inLanguage":"fr-FR","potentialAction":[{"@type":"ReadAction","target":["https:\/\/nivo.ca\/fr\/news\/la-presidente-de-pomegran-quebec-christine-marion-est-nommee-a-deux-postes-de-leadership-au-sein-de-la-fiber-broadband-association\/"]}]},{"@type":"ImageObject","inLanguage":"fr-FR","@id":"https:\/\/nivo.ca\/fr\/news\/la-presidente-de-pomegran-quebec-christine-marion-est-nommee-a-deux-postes-de-leadership-au-sein-de-la-fiber-broadband-association\/#primaryimage","url":"https:\/\/nivo.ca\/wp-content\/uploads\/2026\/07\/NIVO-Blog-17.png","contentUrl":"https:\/\/nivo.ca\/wp-content\/uploads\/2026\/07\/NIVO-Blog-17.png","width":1005,"height":754},{"@type":"BreadcrumbList","@id":"https:\/\/nivo.ca\/fr\/news\/la-presidente-de-pomegran-quebec-christine-marion-est-nommee-a-deux-postes-de-leadership-au-sein-de-la-fiber-broadband-association\/#breadcrumb","itemListElement":[{"@type":"ListItem","position":1,"name":"Home","item":"https:\/\/nivo.ca\/fr\/"},{"@type":"ListItem","position":2,"name":"News","item":"https:\/\/nivo.ca\/fr\/news\/"},{"@type":"ListItem","position":3,"name":"La pr\u00e9sidente de PomeGran Qu\u00e9bec, Christine Marion, est nomm\u00e9e \u00e0 deux postes de leadership au sein de la Fiber Broadband Association"}]},{"@type":"WebSite","@id":"https:\/\/nivo.ca\/fr\/#website","url":"https:\/\/nivo.ca\/fr\/","name":"NIVO by PomeGran","description":"Fibre internet, built for you.","publisher":{"@id":"https:\/\/nivo.ca\/fr\/#organization"},"potentialAction":[{"@type":"SearchAction","target":{"@type":"EntryPoint","urlTemplate":"https:\/\/nivo.ca\/fr\/?s={search_term_string}"},"query-input":{"@type":"PropertyValueSpecification","valueRequired":true,"valueName":"search_term_string"}}],"inLanguage":"fr-FR"},{"@type":"Organization","@id":"https:\/\/nivo.ca\/fr\/#organization","name":"NIVO","url":"https:\/\/nivo.ca\/fr\/","logo":{"@type":"ImageObject","inLanguage":"fr-FR","@id":"https:\/\/nivo.ca\/fr\/#\/schema\/logo\/image\/","url":"https:\/\/nivo.ca\/wp-content\/uploads\/2024\/12\/RGB_NIVO_Main_isolated_color-1.svg","contentUrl":"https:\/\/nivo.ca\/wp-content\/uploads\/2024\/12\/RGB_NIVO_Main_isolated_color-1.svg","width":93,"height":47,"caption":"NIVO"},"image":{"@id":"https:\/\/nivo.ca\/fr\/#\/schema\/logo\/image\/"},"sameAs":["https:\/\/www.facebook.com\/NIVOTelecom\/","https:\/\/www.linkedin.com\/company\/nivoca\/","https:\/\/www.instagram.com\/nivo_telecom\/","https:\/\/www.tiktok.com\/@nivo_ca?_r=1&_t=ZN-97jOdTsXKsw"]}]}},"_links":{"self":[{"href":"https:\/\/nivo.ca\/fr\/wp-json\/wp\/v2\/news\/7235","targetHints":{"allow":["GET"]}}],"collection":[{"href":"https:\/\/nivo.ca\/fr\/wp-json\/wp\/v2\/news"}],"about":[{"href":"https:\/\/nivo.ca\/fr\/wp-json\/wp\/v2\/types\/news"}],"wp:featuredmedia":[{"embeddable":true,"href":"https:\/\/nivo.ca\/fr\/wp-json\/wp\/v2\/media\/7234"}],"wp:attachment":[{"href":"https:\/\/nivo.ca\/fr\/wp-json\/wp\/v2\/media?parent=7235"}],"curies":[{"name":"wp","href":"https:\/\/api.w.org\/{rel}","templated":true}]}}